{"id":67373,"date":"2025-08-28T03:24:22","date_gmt":"2025-08-28T03:24:22","guid":{"rendered":"https:\/\/lahora.mx\/?p=67373"},"modified":"2025-08-28T03:24:23","modified_gmt":"2025-08-28T03:24:23","slug":"mexico-aprueba-vacuna-actualizada-de-pfizer-contra-covid-19-variante-lp-8-1","status":"publish","type":"post","link":"https:\/\/lahora.mx\/index.php\/2025\/08\/28\/mexico-aprueba-vacuna-actualizada-de-pfizer-contra-covid-19-variante-lp-8-1\/","title":{"rendered":"M\u00e9xico aprueba vacuna actualizada de Pfizer contra COVID-19 variante LP.8.1"},"content":{"rendered":"\n<p>Con el invierno a la vuelta de la esquina, la preocupaci\u00f3n por el COVID-19 sigue vigente, sobre todo ante la aparici\u00f3n de una variante que ha ganado terreno a nivel mundial. Por eso, M\u00e9xico ya cuenta con la aprobaci\u00f3n para usar una vacuna actualizada de Pfizer, espec\u00edficamente formulada para proteger contra la variante LP.8.1, que desde febrero de 2025 se ha convertido en la m\u00e1s contagiosa y extendida.<br><br>Esta versi\u00f3n renovada de la vacuna busca adaptarse a los cambios que ha presentado el virus SARS-CoV-2, los cuales obligan a ajustar las estrategias de prevenci\u00f3n. La Comisi\u00f3n Federal para la Protecci\u00f3n contra Riesgos Sanitarios (Cofepris) autoriz\u00f3 su comercializaci\u00f3n para la temporada 2025-2026, dando paso a su distribuci\u00f3n en hospitales y centros de salud del pa\u00eds.<br><br>\u00bfQui\u00e9nes est\u00e1n en mayor riesgo y por qu\u00e9 deben vacunarse?<br>De acuerdo con la autoridad sanitaria, la nueva f\u00f3rmula no s\u00f3lo disminuye la probabilidad de contagio, sino tambi\u00e9n las complicaciones que el virus puede provocar a largo plazo. Esto la hace especialmente recomendada para:<\/p>\n\n\n\n<p>Personas mayores de 65 a\u00f1os<br>Pacientes con inmunodeficiencias severas o moderadas<br>Ni\u00f1os menores de cinco a\u00f1os, quienes tienen m\u00e1s riesgos de presentar cuadros graves<br>Personas con enfermedades cr\u00f3nicas como obesidad o problemas cardiovasculares<br>Mujeres embarazadas, para quienes la vacuna es segura y recomendada<br>Juan Luis Morrell, director de Pfizer M\u00e9xico, explic\u00f3 que esta actualizaci\u00f3n es parte de un esfuerzo global para mantener la eficacia de las vacunas frente a las variantes que van surgiendo. \u201cEl objetivo es ofrecer a la poblaci\u00f3n una herramienta eficaz para reducir los riesgos, sobre todo en temporadas donde el virus tiende a propagarse m\u00e1s\u201d, indic\u00f3.<\/p>\n\n\n\n<p>La vacuna ya tiene luz verde para su uso en el pa\u00eds, por lo que en los pr\u00f3ximos meses se espera su llegada a los centros m\u00e9dicos. Las autoridades hacen \u00e9nfasis en la importancia de acudir a profesionales de la salud para recibir orientaci\u00f3n sobre los esquemas de vacunaci\u00f3n m\u00e1s adecuados seg\u00fan cada caso.<\/p>\n","protected":false},"excerpt":{"rendered":"<p>Con el invierno a la vuelta de la esquina, la preocupaci\u00f3n por el COVID-19 sigue vigente, sobre todo ante la aparici\u00f3n de una variante que ha ganado terreno a nivel mundial. Por eso, M\u00e9xico ya cuenta con la aprobaci\u00f3n para usar una vacuna actualizada de Pfizer, espec\u00edficamente formulada para proteger contra la variante LP.8.1, que [&hellip;]<\/p>\n","protected":false},"author":4,"featured_media":67374,"comment_status":"open","ping_status":"open","sticky":false,"template":"","format":"standard","meta":{"om_disable_all_campaigns":false,"_monsterinsights_skip_tracking":false,"_monsterinsights_sitenote_active":false,"_monsterinsights_sitenote_note":"","_monsterinsights_sitenote_category":0,"footnotes":""},"categories":[176,252],"tags":[],"class_list":["post-67373","post","type-post","status-publish","format-standard","has-post-thumbnail","hentry","category-nacional","category-salud"],"amp_enabled":true,"_links":{"self":[{"href":"https:\/\/lahora.mx\/index.php\/wp-json\/wp\/v2\/posts\/67373","targetHints":{"allow":["GET"]}}],"collection":[{"href":"https:\/\/lahora.mx\/index.php\/wp-json\/wp\/v2\/posts"}],"about":[{"href":"https:\/\/lahora.mx\/index.php\/wp-json\/wp\/v2\/types\/post"}],"author":[{"embeddable":true,"href":"https:\/\/lahora.mx\/index.php\/wp-json\/wp\/v2\/users\/4"}],"replies":[{"embeddable":true,"href":"https:\/\/lahora.mx\/index.php\/wp-json\/wp\/v2\/comments?post=67373"}],"version-history":[{"count":1,"href":"https:\/\/lahora.mx\/index.php\/wp-json\/wp\/v2\/posts\/67373\/revisions"}],"predecessor-version":[{"id":67375,"href":"https:\/\/lahora.mx\/index.php\/wp-json\/wp\/v2\/posts\/67373\/revisions\/67375"}],"wp:featuredmedia":[{"embeddable":true,"href":"https:\/\/lahora.mx\/index.php\/wp-json\/wp\/v2\/media\/67374"}],"wp:attachment":[{"href":"https:\/\/lahora.mx\/index.php\/wp-json\/wp\/v2\/media?parent=67373"}],"wp:term":[{"taxonomy":"category","embeddable":true,"href":"https:\/\/lahora.mx\/index.php\/wp-json\/wp\/v2\/categories?post=67373"},{"taxonomy":"post_tag","embeddable":true,"href":"https:\/\/lahora.mx\/index.php\/wp-json\/wp\/v2\/tags?post=67373"}],"curies":[{"name":"wp","href":"https:\/\/api.w.org\/{rel}","templated":true}]}}