{"id":67250,"date":"2025-08-11T15:06:03","date_gmt":"2025-08-11T15:06:03","guid":{"rendered":"https:\/\/lahora.mx\/?p=67250"},"modified":"2025-08-26T15:31:23","modified_gmt":"2025-08-26T15:31:23","slug":"con-convenio-de-colaboracion-roberto-solis-y-el-chelis-impulsan-el-deporte-en-huejotzingo","status":"publish","type":"post","link":"https:\/\/lahora.mx\/index.php\/2025\/08\/11\/con-convenio-de-colaboracion-roberto-solis-y-el-chelis-impulsan-el-deporte-en-huejotzingo\/","title":{"rendered":"Con convenio de colaboraci\u00f3n, Roberto Sol\u00eds y \u2018El Chel\u00eds\u2019 impulsan el deporte en Huejotzingo"},"content":{"rendered":"\n<p>Con el objetivo de fomentar el deporte y abrir oportunidades para los j\u00f3venes, el Presidente Municipal de Huejotzingo, Roberto Sol\u00eds Valles, firm\u00f3 un convenio de colaboraci\u00f3n con Jos\u00e9 Luis S\u00e1nchez Sol\u00e1, \u2018El Chel\u00eds\u2019, rector de la Universidad del Deporte del Estado de Puebla (UDEP). El evento tuvo lugar en la Unidad Deportiva de la Junta Auxiliar de Santa Ana Xalmimilulco, un espacio que se ha convertido en un referente para el deporte en el Municipio.<\/p>\n\n\n\n<p>Este acuerdo busca impulsar proyectos deportivos conjuntos entre el Gobierno Municipal y la UDEP, adem\u00e1s de facilitar el acceso de las y los j\u00f3venes de Huejotzingo a los programas educativos de la universidad a trav\u00e9s de sus licenciaturas enfocadas en el deporte.<\/p>\n\n\n\n<p>Durante su intervenci\u00f3n, \u2018El Chel\u00eds\u2019 no escatim\u00f3 en elogios para los campos de f\u00fatbol de la Unidad Deportiva de Xalmimilulco. \u201cLugares como \u00e9ste no se ven ni en la ciudad de Puebla ni en todo el estado. Es un orgullo estar aqu\u00ed\u201d, destac\u00f3. Tambi\u00e9n aprovech\u00f3 para reiterar el compromiso del Gobernador Alejandro Armenta Mier de promover todas las disciplinas deportivas en los Municipios.<\/p>\n\n\n\n<p>Por su parte, Roberto Sol\u00eds dio una c\u00e1lida bienvenida al rector al Pueblo M\u00e1gico y reconoci\u00f3 su trayectoria al frente del Club Puebla, donde dej\u00f3 una huella imborrable en el f\u00fatbol poblano. En este contexto, el edil expres\u00f3: \u201cAqu\u00ed en Huejotzingo queremos que nuestros chavos tengan un futuro mejor. Este convenio con la UDEP es para que aprendan a trabajar en equipo, se disciplinen y, sobre todo, se mantengan lejos de los vicios y la delincuencia\u201d.<\/p>\n\n\n\n<p>El evento cerr\u00f3 con una exhibici\u00f3n deportiva, donde los visores del Club Puebla y de Pericos de Puebla evaluaron el talento de ni\u00f1as, ni\u00f1os y j\u00f3venes en f\u00fatbol, b\u00e9isbol y b\u00e1squetbol, con el prop\u00f3sito de descubrir nuevas promesas para el deporte poblano.<\/p>\n\n\n\n<p>A esta importante firma de convenio asistieron la Diputada Local, Ana Laura G\u00f3mez Ram\u00edrez; el Presidente Auxiliar de Santa Ana Xalmimilulco, Juan Pablo Solares Corona; miembros del Cabildo Municipal y parte del equipo de la UDEP, quienes fueron testigos de esta alianza que promete fortalecer el deporte y la educaci\u00f3n en el Pueblo M\u00e1gico.<\/p>\n","protected":false},"excerpt":{"rendered":"<p>Con el objetivo de fomentar el deporte y abrir oportunidades para los j\u00f3venes, el Presidente Municipal de Huejotzingo, Roberto Sol\u00eds Valles, firm\u00f3 un convenio de colaboraci\u00f3n con Jos\u00e9 Luis S\u00e1nchez Sol\u00e1, \u2018El Chel\u00eds\u2019, rector de la Universidad del Deporte del Estado de Puebla (UDEP). El evento tuvo lugar en la Unidad Deportiva de la Junta [&hellip;]<\/p>\n","protected":false},"author":4,"featured_media":67251,"comment_status":"open","ping_status":"open","sticky":false,"template":"","format":"standard","meta":{"om_disable_all_campaigns":false,"_monsterinsights_skip_tracking":false,"_monsterinsights_sitenote_active":false,"_monsterinsights_sitenote_note":"","_monsterinsights_sitenote_category":0,"footnotes":""},"categories":[175],"tags":[223],"class_list":["post-67250","post","type-post","status-publish","format-standard","has-post-thumbnail","hentry","category-local","tag-puebla"],"amp_enabled":true,"_links":{"self":[{"href":"https:\/\/lahora.mx\/index.php\/wp-json\/wp\/v2\/posts\/67250","targetHints":{"allow":["GET"]}}],"collection":[{"href":"https:\/\/lahora.mx\/index.php\/wp-json\/wp\/v2\/posts"}],"about":[{"href":"https:\/\/lahora.mx\/index.php\/wp-json\/wp\/v2\/types\/post"}],"author":[{"embeddable":true,"href":"https:\/\/lahora.mx\/index.php\/wp-json\/wp\/v2\/users\/4"}],"replies":[{"embeddable":true,"href":"https:\/\/lahora.mx\/index.php\/wp-json\/wp\/v2\/comments?post=67250"}],"version-history":[{"count":1,"href":"https:\/\/lahora.mx\/index.php\/wp-json\/wp\/v2\/posts\/67250\/revisions"}],"predecessor-version":[{"id":67252,"href":"https:\/\/lahora.mx\/index.php\/wp-json\/wp\/v2\/posts\/67250\/revisions\/67252"}],"wp:featuredmedia":[{"embeddable":true,"href":"https:\/\/lahora.mx\/index.php\/wp-json\/wp\/v2\/media\/67251"}],"wp:attachment":[{"href":"https:\/\/lahora.mx\/index.php\/wp-json\/wp\/v2\/media?parent=67250"}],"wp:term":[{"taxonomy":"category","embeddable":true,"href":"https:\/\/lahora.mx\/index.php\/wp-json\/wp\/v2\/categories?post=67250"},{"taxonomy":"post_tag","embeddable":true,"href":"https:\/\/lahora.mx\/index.php\/wp-json\/wp\/v2\/tags?post=67250"}],"curies":[{"name":"wp","href":"https:\/\/api.w.org\/{rel}","templated":true}]}}