{"id":67244,"date":"2025-08-12T15:02:08","date_gmt":"2025-08-12T15:02:08","guid":{"rendered":"https:\/\/lahora.mx\/?p=67244"},"modified":"2025-08-26T15:02:57","modified_gmt":"2025-08-26T15:02:57","slug":"rehabilita-roberto-solis-el-parque-skate-de-huejotzingo","status":"publish","type":"post","link":"https:\/\/lahora.mx\/index.php\/2025\/08\/12\/rehabilita-roberto-solis-el-parque-skate-de-huejotzingo\/","title":{"rendered":"Rehabilita Roberto Sol\u00eds el Parque Skate de Huejotzingo"},"content":{"rendered":"\n<p>Con el objetivo de revitalizar los espacios p\u00fablicos, el Presidente Municipal de Huejotzingo, Roberto Sol\u00eds Valles, acompa\u00f1ado de la Presidenta Honoraria del Sistema Municipal DIF, Shamy Spezia, dio inicio a los trabajos de rehabilitaci\u00f3n integral del Parque Skate \u00abQuetzalc\u00f3atl\u00bb, ubicado en el Segundo Barrio de la Cabecera.<\/p>\n\n\n\n<p>La obra abarcar\u00e1 cinco mil 136 metros cuadrados e incluye una renovaci\u00f3n completa del parque. Las mejoras contemplan la rehabilitaci\u00f3n de las canchas de f\u00fatbol cinco con pasto sint\u00e9tico, malla cicl\u00f3nica y nuevas porter\u00edas, as\u00ed como la renovaci\u00f3n de las canchas de b\u00e1squetbol, que ser\u00e1n pintadas, equipadas con nuevos tableros, p\u00e9rgolas con techado y gradas. Adem\u00e1s, se plantar\u00e1n \u00e1rboles grandes, se instalar\u00e1n bancas, juegos infantiles, un gimnasio al aire libre y mesas de picnic.<\/p>\n\n\n\n<p>En su mensaje, el edil reconoci\u00f3 que el parque hab\u00eda sido descuidado por motivos y venganzas pol\u00edticas, pero asegur\u00f3 que su administraci\u00f3n est\u00e1 decidida a transformar estos espacios. Tambi\u00e9n, anunci\u00f3 la construcci\u00f3n de sanitarios y una cafeter\u00eda concesionada, cuya aprobaci\u00f3n ser\u00e1 presentada ante el Cabildo.<\/p>\n\n\n\n<p>\u00abEl rescate y rehabilitaci\u00f3n de los espacios p\u00fablicos son la \u00fanica medida para combatir la inseguridad, as\u00ed, las y los ni\u00f1os nunca tomar\u00e1n un arma\u00bb, destac\u00f3 Sol\u00eds Valles.<\/p>\n\n\n\n<p>Con esta iniciativa, Huejotzingo da un paso firme hacia la creaci\u00f3n de entornos seguros, donde las familias puedan reunirse, los j\u00f3venes practicar deporte y las y los huejotzingas fortalecer sus lazos de convivencia, convirtiendo al Parque \u00abQuetzalc\u00f3atl\u00bb en un nuevo coraz\u00f3n para la ciudad.<\/p>\n","protected":false},"excerpt":{"rendered":"<p>Con el objetivo de revitalizar los espacios p\u00fablicos, el Presidente Municipal de Huejotzingo, Roberto Sol\u00eds Valles, acompa\u00f1ado de la Presidenta Honoraria del Sistema Municipal DIF, Shamy Spezia, dio inicio a los trabajos de rehabilitaci\u00f3n integral del Parque Skate \u00abQuetzalc\u00f3atl\u00bb, ubicado en el Segundo Barrio de la Cabecera. La obra abarcar\u00e1 cinco mil 136 metros cuadrados [&hellip;]<\/p>\n","protected":false},"author":4,"featured_media":67245,"comment_status":"open","ping_status":"open","sticky":false,"template":"","format":"standard","meta":{"om_disable_all_campaigns":false,"_monsterinsights_skip_tracking":false,"_monsterinsights_sitenote_active":false,"_monsterinsights_sitenote_note":"","_monsterinsights_sitenote_category":0,"footnotes":""},"categories":[175,5],"tags":[223],"class_list":["post-67244","post","type-post","status-publish","format-standard","has-post-thumbnail","hentry","category-local","category-politica","tag-puebla"],"amp_enabled":true,"_links":{"self":[{"href":"https:\/\/lahora.mx\/index.php\/wp-json\/wp\/v2\/posts\/67244","targetHints":{"allow":["GET"]}}],"collection":[{"href":"https:\/\/lahora.mx\/index.php\/wp-json\/wp\/v2\/posts"}],"about":[{"href":"https:\/\/lahora.mx\/index.php\/wp-json\/wp\/v2\/types\/post"}],"author":[{"embeddable":true,"href":"https:\/\/lahora.mx\/index.php\/wp-json\/wp\/v2\/users\/4"}],"replies":[{"embeddable":true,"href":"https:\/\/lahora.mx\/index.php\/wp-json\/wp\/v2\/comments?post=67244"}],"version-history":[{"count":1,"href":"https:\/\/lahora.mx\/index.php\/wp-json\/wp\/v2\/posts\/67244\/revisions"}],"predecessor-version":[{"id":67246,"href":"https:\/\/lahora.mx\/index.php\/wp-json\/wp\/v2\/posts\/67244\/revisions\/67246"}],"wp:featuredmedia":[{"embeddable":true,"href":"https:\/\/lahora.mx\/index.php\/wp-json\/wp\/v2\/media\/67245"}],"wp:attachment":[{"href":"https:\/\/lahora.mx\/index.php\/wp-json\/wp\/v2\/media?parent=67244"}],"wp:term":[{"taxonomy":"category","embeddable":true,"href":"https:\/\/lahora.mx\/index.php\/wp-json\/wp\/v2\/categories?post=67244"},{"taxonomy":"post_tag","embeddable":true,"href":"https:\/\/lahora.mx\/index.php\/wp-json\/wp\/v2\/tags?post=67244"}],"curies":[{"name":"wp","href":"https:\/\/api.w.org\/{rel}","templated":true}]}}