{"id":6723,"date":"2022-05-10T21:49:04","date_gmt":"2022-05-10T21:49:04","guid":{"rendered":"http:\/\/lahora.mx\/?p=6723"},"modified":"2022-05-11T01:31:48","modified_gmt":"2022-05-11T01:31:48","slug":"una-fuente-prehispanica-es-hallada-en-mercado-de-el-alto-durante-obras","status":"publish","type":"post","link":"https:\/\/lahora.mx\/index.php\/2022\/05\/10\/una-fuente-prehispanica-es-hallada-en-mercado-de-el-alto-durante-obras\/","title":{"rendered":"Una fuente prehisp\u00e1nica es hallada en Mercado de El Alto durante obras"},"content":{"rendered":"\n<p>Los comerciantes de El Alto\u00a0\u00a0hallaron una fuente prehisp\u00e1nica en el mercado, dicho descubrimiento se hizo durante las obras de\u00a0<strong>remodelaci\u00f3n\u00a0<\/strong>y la construcci\u00f3n podr\u00eda estar ah\u00ed desde el siglo XVI. El\u00a0<strong>Instituto Nacional de Antropolog\u00eda e Historia (INAH)<\/strong>\u00a0ya se encuentra en el lugar haciendo la revisi\u00f3n correspondiente.<\/p>\n\n\n\n<p><strong>Armando M\u00e9ndez<\/strong>, miembro del grupo de comerciantes&nbsp;<strong>El Alto<\/strong>, explic\u00f3 que el vestigio est\u00e1 siendo analizado, pero por su posible importancia hist\u00f3rica, cree que el&nbsp;<strong>Gobierno de Puebla<\/strong>, que es la administraci\u00f3n que est\u00e1 encabezando las obras de remodelaci\u00f3n deber\u00edan de conservarla.<br>\u201cPor lo menos la parte que ya encontraron dejarla descubierta con un cristal para conservar el vestigio que encontraron. Esto creo que le va a permitir a los ciudadanos conocer esa parte antigua de este lugar fundacional de&nbsp;<strong>Puebla<\/strong>. Hoy toc\u00f3 en este&nbsp;<strong>mercado&nbsp;<\/strong>y de acuerdo con la gente del&nbsp;<strong>INAH&nbsp;<\/strong>podr\u00eda ser del siglo XVI\u201d, comparti\u00f3.<br><\/p>\n\n\n\n<p>M\u00e9ndez cree que esta fuente podr\u00eda ser uno de los atractivos tur\u00edsticos de&nbsp;<strong>El Alto<\/strong>&nbsp;y no cree que este hallazgo impida su retorno laboral cuando una vez que terminen los trabajos en esta zona. \u201cConservar este vestigio es importante, ser\u00eda algo trascedente para la vida de<strong>&nbsp;Puebla&nbsp;<\/strong>y del barrio. Incluso para los propios comerciantes que han estado aqu\u00ed por 90 a\u00f1os\u201d.<\/p>\n\n\n\n<p>Armando asegur\u00f3 que ya buscaron reunirse con autoridades del&nbsp;<strong>Ayuntamiento de Puebla<\/strong>&nbsp;y del&nbsp;<strong>Gobierno del Estado<\/strong>&nbsp;para que apoyen con el cuidado, as\u00ed como rescate de la fuente. En suma, dijo que los mismos&nbsp;<strong>comerciantes<\/strong>&nbsp;quieren apoyar en su cuidado, s\u00f3lo quieren que las administraciones pongan un cristal para resguardar.<\/p>\n\n\n\n<p>\u201cQueremos que se cuide como se hizo en el&nbsp;<strong>Centro de Convenciones<\/strong>&nbsp;que hay cristales y como se ha hecho en otras partes (\u2026) con la recuperaci\u00f3n que est\u00e1 haciendo el&nbsp;<strong>Gobierno del Estado<\/strong>&nbsp;creemos que va a ser una parte detonante econ\u00f3micamente y ahora con esto va ser un detonante tur\u00edstico\u201d, agreg\u00f3.<\/p>\n","protected":false},"excerpt":{"rendered":"<p>Los comerciantes de El Alto\u00a0\u00a0hallaron una fuente prehisp\u00e1nica en el mercado, dicho descubrimiento se hizo durante las obras de\u00a0remodelaci\u00f3n\u00a0y la construcci\u00f3n podr\u00eda estar ah\u00ed desde el siglo XVI. El\u00a0Instituto Nacional de Antropolog\u00eda e Historia (INAH)\u00a0ya se encuentra en el lugar haciendo la revisi\u00f3n correspondiente. Armando M\u00e9ndez, miembro del grupo de comerciantes&nbsp;El Alto, explic\u00f3 que el [&hellip;]<\/p>\n","protected":false},"author":4,"featured_media":6734,"comment_status":"open","ping_status":"open","sticky":false,"template":"","format":"standard","meta":{"om_disable_all_campaigns":false,"_monsterinsights_skip_tracking":false,"_monsterinsights_sitenote_active":false,"_monsterinsights_sitenote_note":"","_monsterinsights_sitenote_category":0,"footnotes":""},"categories":[175],"tags":[223],"class_list":["post-6723","post","type-post","status-publish","format-standard","has-post-thumbnail","hentry","category-local","tag-puebla"],"amp_enabled":true,"_links":{"self":[{"href":"https:\/\/lahora.mx\/index.php\/wp-json\/wp\/v2\/posts\/6723","targetHints":{"allow":["GET"]}}],"collection":[{"href":"https:\/\/lahora.mx\/index.php\/wp-json\/wp\/v2\/posts"}],"about":[{"href":"https:\/\/lahora.mx\/index.php\/wp-json\/wp\/v2\/types\/post"}],"author":[{"embeddable":true,"href":"https:\/\/lahora.mx\/index.php\/wp-json\/wp\/v2\/users\/4"}],"replies":[{"embeddable":true,"href":"https:\/\/lahora.mx\/index.php\/wp-json\/wp\/v2\/comments?post=6723"}],"version-history":[{"count":2,"href":"https:\/\/lahora.mx\/index.php\/wp-json\/wp\/v2\/posts\/6723\/revisions"}],"predecessor-version":[{"id":6735,"href":"https:\/\/lahora.mx\/index.php\/wp-json\/wp\/v2\/posts\/6723\/revisions\/6735"}],"wp:featuredmedia":[{"embeddable":true,"href":"https:\/\/lahora.mx\/index.php\/wp-json\/wp\/v2\/media\/6734"}],"wp:attachment":[{"href":"https:\/\/lahora.mx\/index.php\/wp-json\/wp\/v2\/media?parent=6723"}],"wp:term":[{"taxonomy":"category","embeddable":true,"href":"https:\/\/lahora.mx\/index.php\/wp-json\/wp\/v2\/categories?post=6723"},{"taxonomy":"post_tag","embeddable":true,"href":"https:\/\/lahora.mx\/index.php\/wp-json\/wp\/v2\/tags?post=6723"}],"curies":[{"name":"wp","href":"https:\/\/api.w.org\/{rel}","templated":true}]}}