{"id":67197,"date":"2025-08-24T22:07:10","date_gmt":"2025-08-24T22:07:10","guid":{"rendered":"https:\/\/lahora.mx\/?p=67197"},"modified":"2025-08-24T22:07:11","modified_gmt":"2025-08-24T22:07:11","slug":"banarse-con-agua-caliente-beneficios-riesgos-y-consejos-para-la-piel-y-la-salud","status":"publish","type":"post","link":"https:\/\/lahora.mx\/index.php\/2025\/08\/24\/banarse-con-agua-caliente-beneficios-riesgos-y-consejos-para-la-piel-y-la-salud\/","title":{"rendered":"Ba\u00f1arse con agua caliente: beneficios, riesgos y consejos para la piel y la salud"},"content":{"rendered":"\n<p><strong>A lo largo del tiempo, en todas las culturas el ser humano ha encontrado en el agua caliente un refugio contra el fr\u00edo<\/strong>, un espacio de limpieza y una experiencia casi ritual.<br>En Mesoam\u00e9rica, el temazcal no s\u00f3lo era ba\u00f1o, sino tambi\u00e9n un acto de purificaci\u00f3n f\u00edsica y espiritual. En Asia, las aguas termales forman parte de pr\u00e1cticas milenarias del cuidado corporal.<\/p>\n\n\n\n<p>Hoy, en la vida cotidiana de millones de personas, abrir la llave y dejar que el agua tibia recorra la piel sigue siendo sin\u00f3nimo de bienestar.<\/p>\n\n\n\n<p>Pero m\u00e1s all\u00e1 del placer, la temperatura del agua desencadena en el organismo procesos fisiol\u00f3gicos, con beneficios y riesgos que dependen de la duraci\u00f3n y la frecuencia del ba\u00f1o.<\/p>\n\n\n\n<p>Efecto terap\u00e9utico del agua caliente<\/p>\n\n\n\n<p>El Diccionario Enciclop\u00e9dico de la Medicina Tradicional Mexicana de la UNAM describe al ba\u00f1o caliente como un vasodilatador natural, que favorece la circulaci\u00f3n sangu\u00ednea y estimula la transpiraci\u00f3n. A nivel muscular y nervioso, reduce la rigidez, relaja el estr\u00e9s y alivia ciertas molestias inflamatorias.<\/p>\n\n\n\n<p>\u201cUn ba\u00f1o caliente bien administrado puede ayudar a personas con dolor articular o rigidez muscular, siempre que se inicie con agua templada y se aumente la temperatura gradualmente\u201d, explica Ariel Vilchis Reyes, del Departamento de Salud P\u00fablica de la Facultad de Medicina de la UNAM.<\/p>\n\n\n\n<p>El especialista aclara que este incremento debe ser moderado y no superar las temperaturas recomendadas: entre 37.5 y 43 \u00b0C en el uso cotidiano, y hasta 48 \u00b0C \u00fanicamente en ba\u00f1os terap\u00e9uticos bajo supervisi\u00f3n cl\u00ednica.<\/p>\n\n\n\n<p>En condiciones controladas, el agua caliente puede mejorar la movilidad en casos de lesiones leves, aunque los expertos advierten que no debe usarse para acelerar la cicatrizaci\u00f3n de heridas, pues un exceso de calor puede tener efectos contraproducentes.<\/p>\n\n\n\n<p>Efectos en la piel<\/p>\n\n\n\n<p>La piel, \u00f3rgano m\u00e1s extenso del cuerpo, se protege gracias a una fina capa de l\u00edpidos y a un manto \u00e1cido que ayudan a retener la humedad y a impedir el paso de pat\u00f3genos.<\/p>\n\n\n\n<p>El agua muy caliente erosiona estas defensas en cuesti\u00f3n de minutos. El resultado es resequedad, irritaci\u00f3n y, en personas con dermatitis at\u00f3pica o eczema, un agravamiento de los s\u00edntomas.<\/p>\n\n\n\n<p>\u201cCuando la temperatura es muy elevada, los aceites naturales que protegen la epidermis y el cuero cabelludo se pierden muy r\u00e1pido, dejando la superficie reseca, irritada y vulnerable\u201d, se\u00f1alan especialistas universitarios.<\/p>\n\n\n\n<p>Efectos en el cabello<\/p>\n\n\n\n<p>Algo similar ocurre con el cuero cabelludo: el agua caliente elimina el sebo que lo protege y humecta. Sin esa capa, el cabello se vuelve seco, quebradizo y propenso a la ca\u00edda.<\/p>\n\n\n\n<p>En quienes padecen caspa, el calor excesivo puede alterar a\u00fan m\u00e1s el equilibrio natural del cuero cabelludo.<\/p>\n\n\n\n<p>Riesgos menos visibles<\/p>\n\n\n\n<p>Si bien la sensaci\u00f3n de un ba\u00f1o caliente puede ser reconfortante, los especialistas de la UNAM advierten sobre algunos efectos que no siempre se perciben de inmediato, como:<\/p>\n\n\n\n<ul class=\"wp-block-list\">\n<li>Quemaduras t\u00e9rmicas, especialmente en ni\u00f1os y adultos mayores.<\/li>\n\n\n\n<li>Mareos o hipotensi\u00f3n, por la vasodilataci\u00f3n excesiva.<\/li>\n\n\n\n<li>Fatiga y deshidrataci\u00f3n, consecuencia de la p\u00e9rdida de l\u00edquidos durante la sudoraci\u00f3n.<\/li>\n<\/ul>\n\n\n\n<p>En el caso de los ba\u00f1os de temazcal o vapor, se recomienda suspender la sesi\u00f3n si aparecen signos de mareo o debilidad, y abrigar el cuerpo despu\u00e9s para evitar cambios bruscos de temperatura.<\/p>\n\n\n\n<p>\u00bfCada cu\u00e1nto ba\u00f1arse?<\/p>\n\n\n\n<p>La frecuencia ideal del ba\u00f1o no es universal. De acuerdo con el profesor Vilchis Reyes, deben considerarse tres factores: el clima, la condici\u00f3n biol\u00f3gica y la actividad f\u00edsica.<\/p>\n\n\n\n<p>En climas fr\u00edos, ba\u00f1arse dos o tres veces por semana puede ser suficiente; en climas c\u00e1lidos o en personas que sudan mucho, hasta dos ba\u00f1os al d\u00eda podr\u00edan ser necesarios. En todos los casos, la recomendaci\u00f3n es preferir agua tibia y ba\u00f1os breves, de no m\u00e1s de diez minutos.<\/p>\n\n\n\n<p>Gu\u00eda pr\u00e1ctica para un ba\u00f1o saludable<\/p>\n\n\n\n<ul class=\"wp-block-list\">\n<li>Mantener la temperatura entre 37.5 y 40 \u00b0C para uso diario.<\/li>\n\n\n\n<li>No prolongar el ba\u00f1o m\u00e1s de 10 minutos.<\/li>\n\n\n\n<li>Usar jabones suaves sin perfumes ni detergentes agresivos.<\/li>\n\n\n\n<li>Hidratar la piel con crema o ung\u00fcento al salir del ba\u00f1o.<\/li>\n\n\n\n<li>Ajustar la frecuencia del ba\u00f1o seg\u00fan clima, actividad f\u00edsica y estado de salud.<\/li>\n<\/ul>\n\n\n\n<p>Entre placer y prudencia<\/p>\n\n\n\n<p>El agua caliente tiene un lugar leg\u00edtimo en la cultura del bienestar. Desde los ba\u00f1os de vapor prehisp\u00e1nicos hasta las regaderas modernas, el calor ha sido una herramienta de relajaci\u00f3n y cuidado personal.<\/p>\n\n\n\n<p>Pero como ocurre con tantas pr\u00e1cticas saludables, su eficacia depende de la moderaci\u00f3n. La ciencia y la tradici\u00f3n coinciden: el calor puede ser un aliado de la salud, siempre que se respete su poder y se evite el exceso.<\/p>\n","protected":false},"excerpt":{"rendered":"<p>A lo largo del tiempo, en todas las culturas el ser humano ha encontrado en el agua caliente un refugio contra el fr\u00edo, un espacio de limpieza y una experiencia casi ritual.En Mesoam\u00e9rica, el temazcal no s\u00f3lo era ba\u00f1o, sino tambi\u00e9n un acto de purificaci\u00f3n f\u00edsica y espiritual. En Asia, las aguas termales forman parte [&hellip;]<\/p>\n","protected":false},"author":4,"featured_media":67199,"comment_status":"open","ping_status":"open","sticky":false,"template":"","format":"standard","meta":{"om_disable_all_campaigns":false,"_monsterinsights_skip_tracking":false,"_monsterinsights_sitenote_active":false,"_monsterinsights_sitenote_note":"","_monsterinsights_sitenote_category":0,"footnotes":""},"categories":[4],"tags":[],"class_list":["post-67197","post","type-post","status-publish","format-standard","has-post-thumbnail","hentry","category-fashion"],"amp_enabled":true,"_links":{"self":[{"href":"https:\/\/lahora.mx\/index.php\/wp-json\/wp\/v2\/posts\/67197","targetHints":{"allow":["GET"]}}],"collection":[{"href":"https:\/\/lahora.mx\/index.php\/wp-json\/wp\/v2\/posts"}],"about":[{"href":"https:\/\/lahora.mx\/index.php\/wp-json\/wp\/v2\/types\/post"}],"author":[{"embeddable":true,"href":"https:\/\/lahora.mx\/index.php\/wp-json\/wp\/v2\/users\/4"}],"replies":[{"embeddable":true,"href":"https:\/\/lahora.mx\/index.php\/wp-json\/wp\/v2\/comments?post=67197"}],"version-history":[{"count":1,"href":"https:\/\/lahora.mx\/index.php\/wp-json\/wp\/v2\/posts\/67197\/revisions"}],"predecessor-version":[{"id":67200,"href":"https:\/\/lahora.mx\/index.php\/wp-json\/wp\/v2\/posts\/67197\/revisions\/67200"}],"wp:featuredmedia":[{"embeddable":true,"href":"https:\/\/lahora.mx\/index.php\/wp-json\/wp\/v2\/media\/67199"}],"wp:attachment":[{"href":"https:\/\/lahora.mx\/index.php\/wp-json\/wp\/v2\/media?parent=67197"}],"wp:term":[{"taxonomy":"category","embeddable":true,"href":"https:\/\/lahora.mx\/index.php\/wp-json\/wp\/v2\/categories?post=67197"},{"taxonomy":"post_tag","embeddable":true,"href":"https:\/\/lahora.mx\/index.php\/wp-json\/wp\/v2\/tags?post=67197"}],"curies":[{"name":"wp","href":"https:\/\/api.w.org\/{rel}","templated":true}]}}