{"id":6716,"date":"2022-05-10T15:48:39","date_gmt":"2022-05-10T15:48:39","guid":{"rendered":"http:\/\/lahora.mx\/?p=6716"},"modified":"2022-05-11T01:21:19","modified_gmt":"2022-05-11T01:21:19","slug":"eduardo-rivera-asegura-que-no-hubo-tintes-politicos-en-eleccion-de-empresa-de-parquimetros","status":"publish","type":"post","link":"https:\/\/lahora.mx\/index.php\/2022\/05\/10\/eduardo-rivera-asegura-que-no-hubo-tintes-politicos-en-eleccion-de-empresa-de-parquimetros\/","title":{"rendered":"Eduardo Rivera asegura que no hubo tintes pol\u00edticos en elecci\u00f3n de empresa de parqu\u00edmetros"},"content":{"rendered":"\n<p>El alcalde de Puebla,&nbsp;<strong>Eduardo Rivera P\u00e9rez<\/strong>, refiri\u00f3 que&nbsp;<strong>al contratar una empresa no revisan los tintes pol\u00edticos<\/strong>, sino el servicio que brindan, por lo que Cargo M\u00f3vil, mejor conocida como&nbsp;<strong>Parkim\u00f3vil cuenta con experiencia en el pa\u00eds&nbsp;<\/strong>y fue elegida conforme al beneficio de los poblanos.<\/p>\n\n\n\n<p>Lo anterior luego de que&nbsp;<strong>el gobernador Miguel Barbosa Huerta critic\u00f3 el fall\u00f3 que dio el Ayuntamiento de Puebla<\/strong>&nbsp;a la empresa Cargo M\u00f3vil SAPI de C.V, para estar a cargo del proyecto de parqu\u00edmetros en el Centro Hist\u00f3rico, pues la firma est\u00e1 ligada a los panistas.<br>Por ello, al cuestionarle al edil referente al tema, asever\u00f3 que&nbsp;<strong>la ciudadan\u00eda debe estar tranquila de que se tom\u00f3 la mejor decisi\u00f3n<\/strong>, puesto que de las siete empresas que compitieron, la antes mencionada ofrece el mejor servicio.<br>Por ello, al cuestionarle al edil referente al tema, asever\u00f3 que&nbsp;<strong>la ciudadan\u00eda debe estar tranquila de que se tom\u00f3 la mejor decisi\u00f3n<\/strong>, puesto que de las siete empresas que compitieron, la antes mencionada ofrece el mejor servicio.<br>Dijo que el ayuntamiento de Puebla tiene cuestiones pol\u00edticas de fondo, por lo que llam\u00f3 a las autoridades a dejar atr\u00e1s las viejas pr\u00e1cticas en las que solo se simulaba el acato a la legalidad en los procedimientos de contrataci\u00f3n.<br><\/p>\n","protected":false},"excerpt":{"rendered":"<p>El alcalde de Puebla,&nbsp;Eduardo Rivera P\u00e9rez, refiri\u00f3 que&nbsp;al contratar una empresa no revisan los tintes pol\u00edticos, sino el servicio que brindan, por lo que Cargo M\u00f3vil, mejor conocida como&nbsp;Parkim\u00f3vil cuenta con experiencia en el pa\u00eds&nbsp;y fue elegida conforme al beneficio de los poblanos. Lo anterior luego de que&nbsp;el gobernador Miguel Barbosa Huerta critic\u00f3 el fall\u00f3 [&hellip;]<\/p>\n","protected":false},"author":4,"featured_media":6726,"comment_status":"open","ping_status":"open","sticky":false,"template":"","format":"standard","meta":{"om_disable_all_campaigns":false,"_monsterinsights_skip_tracking":false,"_monsterinsights_sitenote_active":false,"_monsterinsights_sitenote_note":"","_monsterinsights_sitenote_category":0,"footnotes":""},"categories":[175],"tags":[223],"class_list":["post-6716","post","type-post","status-publish","format-standard","has-post-thumbnail","hentry","category-local","tag-puebla"],"amp_enabled":true,"_links":{"self":[{"href":"https:\/\/lahora.mx\/index.php\/wp-json\/wp\/v2\/posts\/6716","targetHints":{"allow":["GET"]}}],"collection":[{"href":"https:\/\/lahora.mx\/index.php\/wp-json\/wp\/v2\/posts"}],"about":[{"href":"https:\/\/lahora.mx\/index.php\/wp-json\/wp\/v2\/types\/post"}],"author":[{"embeddable":true,"href":"https:\/\/lahora.mx\/index.php\/wp-json\/wp\/v2\/users\/4"}],"replies":[{"embeddable":true,"href":"https:\/\/lahora.mx\/index.php\/wp-json\/wp\/v2\/comments?post=6716"}],"version-history":[{"count":4,"href":"https:\/\/lahora.mx\/index.php\/wp-json\/wp\/v2\/posts\/6716\/revisions"}],"predecessor-version":[{"id":6727,"href":"https:\/\/lahora.mx\/index.php\/wp-json\/wp\/v2\/posts\/6716\/revisions\/6727"}],"wp:featuredmedia":[{"embeddable":true,"href":"https:\/\/lahora.mx\/index.php\/wp-json\/wp\/v2\/media\/6726"}],"wp:attachment":[{"href":"https:\/\/lahora.mx\/index.php\/wp-json\/wp\/v2\/media?parent=6716"}],"wp:term":[{"taxonomy":"category","embeddable":true,"href":"https:\/\/lahora.mx\/index.php\/wp-json\/wp\/v2\/categories?post=6716"},{"taxonomy":"post_tag","embeddable":true,"href":"https:\/\/lahora.mx\/index.php\/wp-json\/wp\/v2\/tags?post=6716"}],"curies":[{"name":"wp","href":"https:\/\/api.w.org\/{rel}","templated":true}]}}