{"id":6711,"date":"2022-05-09T23:35:40","date_gmt":"2022-05-09T23:35:40","guid":{"rendered":"http:\/\/lahora.mx\/?p=6711"},"modified":"2022-05-09T23:35:41","modified_gmt":"2022-05-09T23:35:41","slug":"vacunacion-covid-a-ninos-en-puebla-sedes-y-horario","status":"publish","type":"post","link":"https:\/\/lahora.mx\/index.php\/2022\/05\/09\/vacunacion-covid-a-ninos-en-puebla-sedes-y-horario\/","title":{"rendered":"Vacunaci\u00f3n Covid a ni\u00f1os en Puebla: sedes y horario"},"content":{"rendered":"\n<p>La jornada de<strong>&nbsp;vacunaci\u00f3n contra la Covid &#8211; 19&nbsp;<\/strong>para&nbsp;<strong>menores de entre 12 y 14 a\u00f1os<\/strong>&nbsp;en la capital poblana y los municipios de<strong>&nbsp;Atlixco, Cholula y San Andr\u00e9s Cholula,<\/strong>&nbsp;se realizar\u00e1 del&nbsp;<strong>mi\u00e9rcoles 11 al viernes 13 de mayo,<\/strong>&nbsp;anunci\u00f3 el Secretario de Salud, Jos\u00e9 Antonio Mart\u00ednez Garc\u00eda.<\/p>\n\n\n\n<p>La dependencia estatal difundi\u00f3 la<strong>&nbsp;log\u00edstica&nbsp;<\/strong>para aplicar el biol\u00f3gico a los estudiantes con dicho rango de edad, que pertenezcan a siete&nbsp;<strong>Coordinaciones Regionales de Desarrollo Educativo (CORDES)&nbsp;<\/strong>en los citados municipios, estableciendo una sede de&nbsp;<strong>vacunaci\u00f3n<\/strong>&nbsp;para cada una.<\/p>\n\n\n\n<p>En la capital poblana se habilitar\u00e1n cuatro sedes de<strong>&nbsp;vacunaci\u00f3n<\/strong>, una por cada<strong>&nbsp;CORDE<\/strong>: los centros escolares&nbsp;<strong>Gustavo D\u00edaz Ordaz&nbsp;<\/strong>(al poniente de la ciudad), el&nbsp;<strong>Ni\u00f1os H\u00e9roes de Chapultepec<\/strong>&nbsp;(Oriente), el&nbsp;<strong>Jos\u00e9 Maria Morelos y Pav\u00f3n<\/strong>&nbsp;(Norte), as\u00ed como la&nbsp;<strong>Escuela Secundaria Tierra y Libertad<\/strong>&nbsp;(en el sur).<\/p>\n\n\n\n<p>El calendario de atenci\u00f3n ser\u00e1 conforme a la inicial del apellido paterno y es el siguiente:<\/p>\n\n\n\n<p>11 de mayo: De la A a la I.<\/p>\n\n\n\n<p>12 de mayo: De la J a la Q.<\/p>\n\n\n\n<p>13 de mayo: De la R a la Z.<\/p>\n\n\n\n<p>En el caso de&nbsp;<strong>Atlixco<\/strong>,&nbsp;<strong>Cholula<\/strong>&nbsp;y&nbsp;<strong>San Mart\u00edn Texmelucan&nbsp;<\/strong>se ha establecido una sede de vacunaci\u00f3n por cada uno; en la que se suministrar\u00e1 el biol\u00f3gico a menores de esos municipios y otros conurbados, mediante el siguiente calendario.<\/p>\n\n\n\n<p>En&nbsp;<strong>Atlixco&nbsp;<\/strong>la sede ser\u00e1 la secundaria federal n\u00famero 2 Gabino Barreda y atender\u00e1 a menores del municipio, as\u00ed como de&nbsp;<strong>Atzizihuacan&nbsp;<\/strong>y&nbsp;<strong>Huaquechula&nbsp;<\/strong>el 11 de mayo, el jueves 12 recibir\u00e1 a los de&nbsp;<strong>San Diego Tochimiltzingo<\/strong>&nbsp;y&nbsp;<strong>Santa Isabel Cholula<\/strong>&nbsp;y finalmente el 13 tocar\u00e1 el turno a los oriundos de&nbsp;<strong>Tianguismanalco<\/strong>&nbsp;y<strong>&nbsp;Tochimilco<\/strong>.<\/p>\n\n\n\n<p>Para<strong>&nbsp;Cholula<\/strong>, el punto de vacunaci\u00f3n ser\u00e1 el Centro Escolar Dr. Alfredo Toxqui Fern\u00e1ndez de Lara. El 11 de mayo atender\u00e1 a menores de los municipios de&nbsp;<strong>Calpan<\/strong>,&nbsp;<strong>Coronango<\/strong>,&nbsp;<strong>Cuautlancingo<\/strong>,&nbsp;<strong>Domingo Arenas<\/strong>&nbsp;y&nbsp;<strong>Huejotzingo<\/strong>; el 12 a los de<strong>&nbsp;Juan C. Bonilla<\/strong>,&nbsp;<strong>Nealtican<\/strong>,&nbsp;<strong>Santa Clara Ocoyucan<\/strong>&nbsp;y&nbsp;<strong>San Andr\u00e9s<\/strong>, mientras que el 13 a los de&nbsp;<strong>San Gregorio Atzompa<\/strong>,&nbsp;<strong>San Jer\u00f3nima Tecuanipan<\/strong>,&nbsp;<strong>San Nicol\u00e1s de los Ranchos&nbsp;<\/strong>y&nbsp;<strong>San Pedro<\/strong>.<\/p>\n\n\n\n<p>En&nbsp;<strong>San Mart\u00edn Texmelucan<\/strong>&nbsp;la sede de aplicaci\u00f3n ser\u00e1 la secundaria Doctor Alfonso Brise\u00f1o R\u00edos. El 11 de mayo se inocular\u00e1 a la poblaci\u00f3n de ese municipio, as\u00ed como de<strong>&nbsp;Chiautzingo<\/strong>&nbsp;y&nbsp;<strong>San Felipe Teotlalcingo<\/strong>, el 12 a la de&nbsp;<strong>San Mat\u00edas Tlalancaleca<\/strong>,&nbsp;<strong>San Miguel Xoxtla&nbsp;<\/strong>y&nbsp;<strong>San Salvador el Verde&nbsp;<\/strong>y el 13 a menores de<strong>&nbsp;Tlahuapan&nbsp;<\/strong>y&nbsp;<strong>Tlaltenango<\/strong>.<\/p>\n\n\n\n<p>Los siete puntos de vacunaci\u00f3n funcionar\u00e1n en un horario de 8:00 a 15:00 horas y es necesario que los menores acudan acompa\u00f1ados de un adulto, seg\u00fan la fecha de atenci\u00f3n que les corresponda.<\/p>\n\n\n\n<p>Tambi\u00e9n se recomienda que acudan a vacunarse con la ingesta previa de alimentos y que en caso de estar sometido a alg\u00fan tratamiento m\u00e9dico \u00e9ste no sea suspendido.<\/p>\n\n\n\n<h2 class=\"wp-block-heading\"><strong>REQUISITOS PARA VACUNACI\u00d3N DE MENORES<\/strong><\/h2>\n\n\n\n<p>&#8211; Tener 12 a\u00f1os cumplidos y m\u00e1ximo 14.<\/p>\n\n\n\n<p>&#8211; Carta de consentimiento informado.<\/p>\n\n\n\n<p>&#8211; Hoja de registro con C\u00f3digo QR, que se descarga de la p\u00e1gina https:\/\/mivacuna.salud.gob.mx.<\/p>\n\n\n\n<p>&#8211; Copia de la Clave \u00danica de Registro de Poblaci\u00f3n (CURP).<\/p>\n\n\n\n<p>&#8211; Identificaci\u00f3n oficial con fotograf\u00eda del padre o tutor.<\/p>\n\n\n\n<p>&#8211; Comprobante de domicilio no mayor a tres meses (original y copia)<\/p>\n\n\n\n<p>&#8211; Lapicero tinta azul.<\/p>\n\n\n\n<h2 class=\"wp-block-heading\"><strong>REPORTE DE LUNES 9 DE MAYO<\/strong><\/h2>\n\n\n\n<p>Al presentar el balance de la pandemia de la Covid-19, inform\u00f3 que durante el pasado fin de semana se detectaron 21 nuevos casos positivos y no se registraron defunciones a causa de esta enfermedad, con lo que suman 16 d\u00edas sin muertes provocadas por el virus.<\/p>\n\n\n\n<p>Actualmente, dijo, Puebla tiene un acumulado de 156 mil 887 casos positivos y 17 mil 339 defunciones.<\/p>\n\n\n\n<p>El secretario inform\u00f3 que actualmente hay 128 casos activos de SARS-CoV-2 en 128 municipios de la entidad poblana, adem\u00e1s de 23 pacientes hospitalizados, de los cuales uno cuenta con ventilaci\u00f3n mec\u00e1nica asistida.<\/p>\n","protected":false},"excerpt":{"rendered":"<p>La jornada de&nbsp;vacunaci\u00f3n contra la Covid &#8211; 19&nbsp;para&nbsp;menores de entre 12 y 14 a\u00f1os&nbsp;en la capital poblana y los municipios de&nbsp;Atlixco, Cholula y San Andr\u00e9s Cholula,&nbsp;se realizar\u00e1 del&nbsp;mi\u00e9rcoles 11 al viernes 13 de mayo,&nbsp;anunci\u00f3 el Secretario de Salud, Jos\u00e9 Antonio Mart\u00ednez Garc\u00eda. La dependencia estatal difundi\u00f3 la&nbsp;log\u00edstica&nbsp;para aplicar el biol\u00f3gico a los estudiantes con dicho [&hellip;]<\/p>\n","protected":false},"author":4,"featured_media":6712,"comment_status":"open","ping_status":"open","sticky":false,"template":"","format":"standard","meta":{"om_disable_all_campaigns":false,"_monsterinsights_skip_tracking":false,"_monsterinsights_sitenote_active":false,"_monsterinsights_sitenote_note":"","_monsterinsights_sitenote_category":0,"footnotes":""},"categories":[175],"tags":[195,223],"class_list":["post-6711","post","type-post","status-publish","format-standard","has-post-thumbnail","hentry","category-local","tag-principal","tag-puebla"],"amp_enabled":true,"_links":{"self":[{"href":"https:\/\/lahora.mx\/index.php\/wp-json\/wp\/v2\/posts\/6711","targetHints":{"allow":["GET"]}}],"collection":[{"href":"https:\/\/lahora.mx\/index.php\/wp-json\/wp\/v2\/posts"}],"about":[{"href":"https:\/\/lahora.mx\/index.php\/wp-json\/wp\/v2\/types\/post"}],"author":[{"embeddable":true,"href":"https:\/\/lahora.mx\/index.php\/wp-json\/wp\/v2\/users\/4"}],"replies":[{"embeddable":true,"href":"https:\/\/lahora.mx\/index.php\/wp-json\/wp\/v2\/comments?post=6711"}],"version-history":[{"count":1,"href":"https:\/\/lahora.mx\/index.php\/wp-json\/wp\/v2\/posts\/6711\/revisions"}],"predecessor-version":[{"id":6713,"href":"https:\/\/lahora.mx\/index.php\/wp-json\/wp\/v2\/posts\/6711\/revisions\/6713"}],"wp:featuredmedia":[{"embeddable":true,"href":"https:\/\/lahora.mx\/index.php\/wp-json\/wp\/v2\/media\/6712"}],"wp:attachment":[{"href":"https:\/\/lahora.mx\/index.php\/wp-json\/wp\/v2\/media?parent=6711"}],"wp:term":[{"taxonomy":"category","embeddable":true,"href":"https:\/\/lahora.mx\/index.php\/wp-json\/wp\/v2\/categories?post=6711"},{"taxonomy":"post_tag","embeddable":true,"href":"https:\/\/lahora.mx\/index.php\/wp-json\/wp\/v2\/tags?post=6711"}],"curies":[{"name":"wp","href":"https:\/\/api.w.org\/{rel}","templated":true}]}}