{"id":6708,"date":"2022-05-09T23:32:31","date_gmt":"2022-05-09T23:32:31","guid":{"rendered":"http:\/\/lahora.mx\/?p=6708"},"modified":"2022-05-09T23:32:32","modified_gmt":"2022-05-09T23:32:32","slug":"transportistas-bloquean-la-autopista-puebla-orizaba-exigen-alto-a-ola-de-atracos","status":"publish","type":"post","link":"https:\/\/lahora.mx\/index.php\/2022\/05\/09\/transportistas-bloquean-la-autopista-puebla-orizaba-exigen-alto-a-ola-de-atracos\/","title":{"rendered":"Transportistas bloquean la autopista Puebla-Orizaba; exigen alto a ola de atracos"},"content":{"rendered":"\n<p>Hartos de los constantes asaltos a transportistas registrados en la zona, los trabajadores del volante mantienen bloqueada la\u00a0<strong>carretera Puebla-Orizaba<\/strong>, a la altura de\u00a0<strong>Madero<\/strong>\u00a0en el municipio de Tecamachalco.<\/p>\n\n\n\n<p>Los manifestantes atravesaron los&nbsp;<strong>camiones&nbsp;<\/strong>y cerraron el paso a los autom\u00f3vilistas en ambos sentidos en el<strong>&nbsp;kil\u00f3metro 181+000<\/strong>, exigen a las autoridades un alto a la inseguridad que se vive en este&nbsp;<strong>tramo carretero<\/strong>.<\/p>\n\n\n\n<p>Los\u00a0<strong>transportistas<\/strong>\u00a0con pancartas en mano dicen estar hartos de ser blanco de las\u00a0<strong>bandas delictivas\u00a0<\/strong>que constantemente los asaltan a su paso por el lugar, sin que hasta el momento las autoridades competentes no hagan algo para frenarlo.<br><\/p>\n\n\n\n<p>Adem\u00e1s, los&nbsp;<strong>trabajadores del volante&nbsp;<\/strong>informaron que esta protesta se da luego de que uno de sus compa\u00f1eros perdi\u00f3 la vida a balazos en d\u00edas pasados en este tramo carretero, v\u00edctima de un<strong>&nbsp;intento de asalto<\/strong>.<\/p>\n\n\n\n<p>En el lugar ya se encuentran elementos de la&nbsp;<strong>Polic\u00eda Estatal,<\/strong>&nbsp;quienes est\u00e1n mediando con los<strong>&nbsp;manifestantes<\/strong>&nbsp;la reapertura de la carretera.<\/p>\n\n\n\n<p>Por su parte, los<strong>&nbsp;manifestantes<\/strong>&nbsp;exigen la presencia de las autoridades competentes para que atiendan sus peticiones, de lo contrario anunciaron que mantendr\u00e1n el bloqueo.<\/p>\n\n\n\n<p>En tanto se observa una larga fila de&nbsp;<strong>veh\u00edculos<\/strong>&nbsp;en espera de que la carretera sea reabierta.<\/p>\n\n\n\n<p>Por lo anterior, se exhorta a los&nbsp;<strong>conductores&nbsp;<\/strong>que transitan por dicha vialidad manejar con precauci\u00f3n y tomar v\u00edas alternas.<\/p>\n","protected":false},"excerpt":{"rendered":"<p>Hartos de los constantes asaltos a transportistas registrados en la zona, los trabajadores del volante mantienen bloqueada la\u00a0carretera Puebla-Orizaba, a la altura de\u00a0Madero\u00a0en el municipio de Tecamachalco. Los manifestantes atravesaron los&nbsp;camiones&nbsp;y cerraron el paso a los autom\u00f3vilistas en ambos sentidos en el&nbsp;kil\u00f3metro 181+000, exigen a las autoridades un alto a la inseguridad que se vive [&hellip;]<\/p>\n","protected":false},"author":4,"featured_media":6709,"comment_status":"open","ping_status":"open","sticky":false,"template":"","format":"standard","meta":{"om_disable_all_campaigns":false,"_monsterinsights_skip_tracking":false,"_monsterinsights_sitenote_active":false,"_monsterinsights_sitenote_note":"","_monsterinsights_sitenote_category":0,"footnotes":""},"categories":[175],"tags":[195,223],"class_list":["post-6708","post","type-post","status-publish","format-standard","has-post-thumbnail","hentry","category-local","tag-principal","tag-puebla"],"amp_enabled":true,"_links":{"self":[{"href":"https:\/\/lahora.mx\/index.php\/wp-json\/wp\/v2\/posts\/6708","targetHints":{"allow":["GET"]}}],"collection":[{"href":"https:\/\/lahora.mx\/index.php\/wp-json\/wp\/v2\/posts"}],"about":[{"href":"https:\/\/lahora.mx\/index.php\/wp-json\/wp\/v2\/types\/post"}],"author":[{"embeddable":true,"href":"https:\/\/lahora.mx\/index.php\/wp-json\/wp\/v2\/users\/4"}],"replies":[{"embeddable":true,"href":"https:\/\/lahora.mx\/index.php\/wp-json\/wp\/v2\/comments?post=6708"}],"version-history":[{"count":1,"href":"https:\/\/lahora.mx\/index.php\/wp-json\/wp\/v2\/posts\/6708\/revisions"}],"predecessor-version":[{"id":6710,"href":"https:\/\/lahora.mx\/index.php\/wp-json\/wp\/v2\/posts\/6708\/revisions\/6710"}],"wp:featuredmedia":[{"embeddable":true,"href":"https:\/\/lahora.mx\/index.php\/wp-json\/wp\/v2\/media\/6709"}],"wp:attachment":[{"href":"https:\/\/lahora.mx\/index.php\/wp-json\/wp\/v2\/media?parent=6708"}],"wp:term":[{"taxonomy":"category","embeddable":true,"href":"https:\/\/lahora.mx\/index.php\/wp-json\/wp\/v2\/categories?post=6708"},{"taxonomy":"post_tag","embeddable":true,"href":"https:\/\/lahora.mx\/index.php\/wp-json\/wp\/v2\/tags?post=6708"}],"curies":[{"name":"wp","href":"https:\/\/api.w.org\/{rel}","templated":true}]}}