{"id":6702,"date":"2022-05-09T23:25:57","date_gmt":"2022-05-09T23:25:57","guid":{"rendered":"http:\/\/lahora.mx\/?p=6702"},"modified":"2022-05-09T23:25:58","modified_gmt":"2022-05-09T23:25:58","slug":"se-reporta-balacera-en-la-resurreccion-hay-un-muerto","status":"publish","type":"post","link":"https:\/\/lahora.mx\/index.php\/2022\/05\/09\/se-reporta-balacera-en-la-resurreccion-hay-un-muerto\/","title":{"rendered":"Se reporta balacera en La Resurrecci\u00f3n; hay un muerto"},"content":{"rendered":"\n<p>Este lunes se desat\u00f3 una balacera en la\u00a0<strong>Avenida Adolfo L\u00f3pez Mateos<\/strong>\u00a0y calle Miguel Hidalgo Sur perteneciente a la junta auxiliar\u00a0<strong>la Resurrecci\u00f3n<\/strong>, esto provoc\u00f3 la muerte de un joven de\u00a0 25 a\u00f1os de edad que falleci\u00f3 luego de recibir un\u00a0<strong>impacto de bala en la cabeza.<\/strong><br>De acuerdo con los primeros reportes todo ocurri\u00f3 hoy en dicha vialidad justo en la junta auxiliar de La Resurrecci\u00f3n, pues un peticionario llam\u00f3 a emergencias tras encontrar a un hombre de 25 a\u00f1os de edad con un balazo en la cabeza al<strong>\u00a0interior de su casa.<\/strong><br>Incluso el hombre que encontr\u00f3 al herido detall\u00f3 que hubo una balacera en el lugar, pese a que los param\u00e9dicos llegaron a auxiliar al herido, fue demasiado tarde pues recibi\u00f3 un balazo en la cabeza que le provoc\u00f3 una muerte\u00a0<strong>dolorosa y lenta.<\/strong><br>Hasta el momento se desconoce el motivo por el cual se origin\u00f3 este incidente, en el lugar ya est\u00e1n peritos de la\u00a0<strong>Fiscal\u00eda General del Estado.<\/strong><\/p>\n","protected":false},"excerpt":{"rendered":"<p>Este lunes se desat\u00f3 una balacera en la\u00a0Avenida Adolfo L\u00f3pez Mateos\u00a0y calle Miguel Hidalgo Sur perteneciente a la junta auxiliar\u00a0la Resurrecci\u00f3n, esto provoc\u00f3 la muerte de un joven de\u00a0 25 a\u00f1os de edad que falleci\u00f3 luego de recibir un\u00a0impacto de bala en la cabeza.De acuerdo con los primeros reportes todo ocurri\u00f3 hoy en dicha vialidad [&hellip;]<\/p>\n","protected":false},"author":4,"featured_media":6703,"comment_status":"open","ping_status":"open","sticky":false,"template":"","format":"standard","meta":{"om_disable_all_campaigns":false,"_monsterinsights_skip_tracking":false,"_monsterinsights_sitenote_active":false,"_monsterinsights_sitenote_note":"","_monsterinsights_sitenote_category":0,"footnotes":""},"categories":[175,226],"tags":[223],"class_list":["post-6702","post","type-post","status-publish","format-standard","has-post-thumbnail","hentry","category-local","category-policia","tag-puebla"],"amp_enabled":true,"_links":{"self":[{"href":"https:\/\/lahora.mx\/index.php\/wp-json\/wp\/v2\/posts\/6702","targetHints":{"allow":["GET"]}}],"collection":[{"href":"https:\/\/lahora.mx\/index.php\/wp-json\/wp\/v2\/posts"}],"about":[{"href":"https:\/\/lahora.mx\/index.php\/wp-json\/wp\/v2\/types\/post"}],"author":[{"embeddable":true,"href":"https:\/\/lahora.mx\/index.php\/wp-json\/wp\/v2\/users\/4"}],"replies":[{"embeddable":true,"href":"https:\/\/lahora.mx\/index.php\/wp-json\/wp\/v2\/comments?post=6702"}],"version-history":[{"count":1,"href":"https:\/\/lahora.mx\/index.php\/wp-json\/wp\/v2\/posts\/6702\/revisions"}],"predecessor-version":[{"id":6704,"href":"https:\/\/lahora.mx\/index.php\/wp-json\/wp\/v2\/posts\/6702\/revisions\/6704"}],"wp:featuredmedia":[{"embeddable":true,"href":"https:\/\/lahora.mx\/index.php\/wp-json\/wp\/v2\/media\/6703"}],"wp:attachment":[{"href":"https:\/\/lahora.mx\/index.php\/wp-json\/wp\/v2\/media?parent=6702"}],"wp:term":[{"taxonomy":"category","embeddable":true,"href":"https:\/\/lahora.mx\/index.php\/wp-json\/wp\/v2\/categories?post=6702"},{"taxonomy":"post_tag","embeddable":true,"href":"https:\/\/lahora.mx\/index.php\/wp-json\/wp\/v2\/tags?post=6702"}],"curies":[{"name":"wp","href":"https:\/\/api.w.org\/{rel}","templated":true}]}}