{"id":67010,"date":"2025-08-20T04:11:02","date_gmt":"2025-08-20T04:11:02","guid":{"rendered":"https:\/\/lahora.mx\/?p=67010"},"modified":"2025-08-20T04:11:02","modified_gmt":"2025-08-20T04:11:02","slug":"puebla-sera-sede-de-la-proxima-exposicion-energetica-2025","status":"publish","type":"post","link":"https:\/\/lahora.mx\/index.php\/2025\/08\/20\/puebla-sera-sede-de-la-proxima-exposicion-energetica-2025\/","title":{"rendered":"Puebla ser\u00e1 sede de la pr\u00f3xima exposici\u00f3n energ\u00e9tica 2025"},"content":{"rendered":"\n<p>El a\u00f1o 2025 marcar\u00e1 un \u00e9xito para la regi\u00f3n centro de M\u00e9xico: Puebla ha sido elegida como sede de la pr\u00f3xima Expo Internacional de Energ\u00eda.<\/p>\n\n\n\n<p>Este evento reunir\u00e1 a expertos, empresas, l\u00edderes de la industria y gobiernos en un espacio donde se debatir\u00e1 el futuro de la energ\u00eda sostenible, las nuevas tecnolog\u00edas de eficiencia y el impacto de la transici\u00f3n energ\u00e9tica en Am\u00e9rica Latina.<\/p>\n\n\n\n<p>La elecci\u00f3n de Puebla como sede no es casual. La ciudad cuenta con una infraestructura moderna y una ubicaci\u00f3n estrat\u00e9gica, adem\u00e1s de un fuerte compromiso con la innovaci\u00f3n y el desarrollo sostenible.<\/p>\n\n\n\n<p>Esto incluye su riqueza cultural, gastron\u00f3mica y tur\u00edstica, lo que garantiza que los asistentes disfruten de una experiencia integral, tanto a nivel profesional como personal.<\/p>\n\n\n\n<p>Un evento que marcar\u00e1 tendencia en la industria<br>La Expo Energ\u00eda 2025 reunir\u00e1 a m\u00e1s de 20 pa\u00edses y contar\u00e1 con paneles especializados en energ\u00edas renovables, movilidad el\u00e9ctrica, inteligencia artificial aplicada al sector energ\u00e9tico y proyectos de inversi\u00f3n de gran escala.<\/p>\n\n\n\n<p>Ser\u00e1 un espacio clave para conocer los \u00faltimos avances, compartir experiencias y establecer alianzas estrat\u00e9gicas que impulsen la innovaci\u00f3n en la regi\u00f3n.<\/p>\n\n\n\n<p>Durante los d\u00edas que dura el evento se llevar\u00e1n a cabo conferencias magistrales, paneles con expertos internacionales y presentaciones de nuevas tecnolog\u00edas que buscan transformar el consumo energ\u00e9tico.<\/p>\n\n\n\n<p>Empresas de distintos sectores (desde automoci\u00f3n hasta construcci\u00f3n) tendr\u00e1n la oportunidad de presentar sus proyectos y conectar con inversores interesados en apostar por un futuro m\u00e1s sostenible.<\/p>\n\n\n\n<p>Puebla: mucho m\u00e1s que una sed<br>Quienes asistan a la exposici\u00f3n en el lugar encontrar\u00e1n un espacio para establecer contactos empresariales, as\u00ed como una ciudad vibrante que combina historia, modernidad y hospitalidad. Puebla es reconocida como Patrimonio de la Humanidad por la UNESCO gracias a su centro hist\u00f3rico, su arquitectura colonial y sus tradiciones \u00fanicas.<\/p>\n\n\n\n<p>Adem\u00e1s, es un punto estrat\u00e9gico para conectar con otros destinos tur\u00edsticos y culturales de M\u00e9xico. Desde aqu\u00ed se puede visitar Cholula y su emblem\u00e1tica Gran Pir\u00e1mide, explorar la gastronom\u00eda local con su famoso mole o recorrer los paisajes naturales que rodean el volc\u00e1n Popocat\u00e9petl.<\/p>\n\n\n\n<p>Este atractivo adicional convierte la exposici\u00f3n en una experiencia completa, donde los viajes de negocios tambi\u00e9n pueden convertirse en una oportunidad para descubrir la riqueza cultural del pa\u00eds.<\/p>\n\n\n\n<p>Movilidad: la clave para una experiencia exitosa<br>Con la llegada de miles de asistentes nacionales e internacionales, la movilidad ser\u00e1 un factor decisivo para que el evento se desarrolle eficientemente.<\/p>\n\n\n\n<p>Puebla cuenta con una moderna autopista roja, un aeropuerto internacional y m\u00faltiples opciones de transporte, pero para los profesionales que buscan comodidad, seguridad y flexibilidad, la opci\u00f3n m\u00e1s confiable ser\u00e1 recurrir a la Renta de Autos en Puebla .<\/p>\n\n\n\n<p>Disponer de veh\u00edculo propio durante la estancia permite a los visitantes organizar sus horarios sin depender del transporte p\u00fablico o de los servicios de aplicaciones m\u00f3viles, que durante eventos de gran envergadura pueden saturarse o incrementar sus tarifas.<\/p>\n\n\n\n<p>Adem\u00e1s, elegir una empresa de prestigio garantiza un servicio de calidad, asistencia en carretera y una flota en perfectas condiciones, lo que proporciona tranquilidad en cada viaje.<\/p>\n\n\n\n<p>Beneficios de elegir un alquiler de coches para un evento internacional<br>Para los l\u00edderes empresariales, acad\u00e9micos y especialistas que asisten a la Expo Energ\u00eda 2025, el alquiler de veh\u00edculos ofrece m\u00faltiples beneficios:<\/p>\n\n\n\n<p>Flexibilidad en los viajes : mu\u00e9vete entre el centro de convenciones, hoteles y otros puntos de inter\u00e9s sin limitaciones de tiempo.<\/p>\n\n\n\n<p>Seguridad y confianza : autos en excelente estado, seguros incluidos y asistencia personalizada.<\/p>\n\n\n\n<p>Conveniencia ejecutiva : la posibilidad de elegir entre diferentes modelos seg\u00fan tus necesidades de viaje, desde sedanes hasta SUV premium.<\/p>\n\n\n\n<p>Oportunidad de explorar Puebla : la libertad de visitar la ciudad y sus alrededores durante el tiempo libre.<\/p>\n\n\n\n<p>Este nivel de independencia y practicidad hace del alquiler de veh\u00edculos terrestres una soluci\u00f3n log\u00edstica, un factor que mejora la experiencia general del evento.<\/p>\n\n\n\n<p>Perspectivas para la industria energ\u00e9tica en M\u00e9xico<br>La elecci\u00f3n de Puebla como sede tambi\u00e9n refleja la creciente importancia de M\u00e9xico en el sector energ\u00e9tico. El pa\u00eds ha mostrado avances significativos en la implementaci\u00f3n de energ\u00edas limpias, con proyectos de energ\u00eda solar, e\u00f3lica e hidr\u00e1ulica que buscan diversificar la matriz energ\u00e9tica y reducir la dependencia de los combustibles f\u00f3siles.<\/p>\n\n\n\n<p>La Expo de Energ\u00eda 2025 brindar\u00e1 la oportunidad de mostrar al mundo estos avances y abrir nuevas oportunidades de inversi\u00f3n en proyectos sostenibles. Adem\u00e1s, ser\u00e1 una plataforma para debatir pol\u00edticas p\u00fablicas que nos permitan acelerar la transici\u00f3n hacia un futuro energ\u00e9tico m\u00e1s limpio y responsable.<\/p>\n\n\n\n<p>Una cita imperdible para l\u00edderes y profesionales<br>Para los asistentes, este evento ser\u00e1 mucho m\u00e1s que una exposici\u00f3n tecnol\u00f3gica: representar\u00e1 una oportunidad para ampliar su red de contactos, aprender de los l\u00edderes m\u00e1s influyentes del sector y posicionarse a la vanguardia de la innovaci\u00f3n energ\u00e9tica.<\/p>\n\n\n\n<p>Empresarios, acad\u00e9micos, inversionistas y funcionarios p\u00fablicos coincidir\u00e1n en Puebla con el mismo objetivo: construir soluciones conjuntas que respondan a los desaf\u00edos energ\u00e9ticos globales. Con movilidad garantizada gracias a opciones como la renta de autos, los participantes podr\u00e1n aprovechar al m\u00e1ximo cada minuto de su estancia.<\/p>\n","protected":false},"excerpt":{"rendered":"<p>El a\u00f1o 2025 marcar\u00e1 un \u00e9xito para la regi\u00f3n centro de M\u00e9xico: Puebla ha sido elegida como sede de la pr\u00f3xima Expo Internacional de Energ\u00eda. Este evento reunir\u00e1 a expertos, empresas, l\u00edderes de la industria y gobiernos en un espacio donde se debatir\u00e1 el futuro de la energ\u00eda sostenible, las nuevas tecnolog\u00edas de eficiencia y [&hellip;]<\/p>\n","protected":false},"author":4,"featured_media":67012,"comment_status":"open","ping_status":"open","sticky":false,"template":"","format":"standard","meta":{"om_disable_all_campaigns":false,"_monsterinsights_skip_tracking":false,"_monsterinsights_sitenote_active":false,"_monsterinsights_sitenote_note":"","_monsterinsights_sitenote_category":0,"footnotes":""},"categories":[7,175,2,181],"tags":[223],"class_list":["post-67010","post","type-post","status-publish","format-standard","has-post-thumbnail","hentry","category-geek","category-local","category-negocios","category-tech","tag-puebla"],"amp_enabled":true,"_links":{"self":[{"href":"https:\/\/lahora.mx\/index.php\/wp-json\/wp\/v2\/posts\/67010","targetHints":{"allow":["GET"]}}],"collection":[{"href":"https:\/\/lahora.mx\/index.php\/wp-json\/wp\/v2\/posts"}],"about":[{"href":"https:\/\/lahora.mx\/index.php\/wp-json\/wp\/v2\/types\/post"}],"author":[{"embeddable":true,"href":"https:\/\/lahora.mx\/index.php\/wp-json\/wp\/v2\/users\/4"}],"replies":[{"embeddable":true,"href":"https:\/\/lahora.mx\/index.php\/wp-json\/wp\/v2\/comments?post=67010"}],"version-history":[{"count":1,"href":"https:\/\/lahora.mx\/index.php\/wp-json\/wp\/v2\/posts\/67010\/revisions"}],"predecessor-version":[{"id":67013,"href":"https:\/\/lahora.mx\/index.php\/wp-json\/wp\/v2\/posts\/67010\/revisions\/67013"}],"wp:featuredmedia":[{"embeddable":true,"href":"https:\/\/lahora.mx\/index.php\/wp-json\/wp\/v2\/media\/67012"}],"wp:attachment":[{"href":"https:\/\/lahora.mx\/index.php\/wp-json\/wp\/v2\/media?parent=67010"}],"wp:term":[{"taxonomy":"category","embeddable":true,"href":"https:\/\/lahora.mx\/index.php\/wp-json\/wp\/v2\/categories?post=67010"},{"taxonomy":"post_tag","embeddable":true,"href":"https:\/\/lahora.mx\/index.php\/wp-json\/wp\/v2\/tags?post=67010"}],"curies":[{"name":"wp","href":"https:\/\/api.w.org\/{rel}","templated":true}]}}