{"id":66997,"date":"2025-08-20T04:06:03","date_gmt":"2025-08-20T04:06:03","guid":{"rendered":"https:\/\/lahora.mx\/?p=66997"},"modified":"2025-08-20T04:06:04","modified_gmt":"2025-08-20T04:06:04","slug":"cuatro-poblanos-entre-los-decapitados-ubicados-en-ixtacuixtla-tlaxcala","status":"publish","type":"post","link":"https:\/\/lahora.mx\/index.php\/2025\/08\/20\/cuatro-poblanos-entre-los-decapitados-ubicados-en-ixtacuixtla-tlaxcala\/","title":{"rendered":"Cuatro poblanos entre los decapitados ubicados en Ixtacuixtla Tlaxcala"},"content":{"rendered":"\n<p>Este martes por la ma\u00f1ana, fueron localizadas seis cabezas humanas, a un costado de la carretera Ixtacuixtla\u2013Atotonilco, Tlaxcala.<br><br>Junto a los restos, las autoridades hallaron una narcomanta, que se atribuy\u00f3 un grupo criminal.<\/p>\n\n\n\n<p>Horas m\u00e1s tarde, se confirm\u00f3 que cuatro de los decapitados hab\u00edan sido reportados como desaparecidos en Puebla.<\/p>\n\n\n\n<p>As\u00ed inform\u00f3 la Fiscal\u00eda General de Justicia de Tlaxcala.<\/p>\n\n\n\n<p>Se trata de:<\/p>\n\n\n\n<p>\u00d3scar Fernando N., 18 a\u00f1os, desaparecido en Puebla.<\/p>\n\n\n\n<p>Pablo Guevara Ram\u00edrez, 37 a\u00f1os, desaparecido en Puebla.<\/p>\n\n\n\n<p>Un adolescente originario de Santa Mar\u00eda Moyotzingo.<\/p>\n\n\n\n<p>Armando N., desaparecido en Tlanalapan.<\/p>\n\n\n\n<p>De acuerdo a los reportes, a\u00fan faltan dos v\u00edctimas por identificar.<\/p>\n\n\n\n<p>Derivado de estos hechos, las autoridades contin\u00faan las investigaciones.<\/p>\n\n\n\n<p>Sin embargo, trasciende que estos hechos est\u00e1n ligados a delitos como el robo de combustible.<\/p>\n","protected":false},"excerpt":{"rendered":"<p>Este martes por la ma\u00f1ana, fueron localizadas seis cabezas humanas, a un costado de la carretera Ixtacuixtla\u2013Atotonilco, Tlaxcala. Junto a los restos, las autoridades hallaron una narcomanta, que se atribuy\u00f3 un grupo criminal. Horas m\u00e1s tarde, se confirm\u00f3 que cuatro de los decapitados hab\u00edan sido reportados como desaparecidos en Puebla. As\u00ed inform\u00f3 la Fiscal\u00eda General [&hellip;]<\/p>\n","protected":false},"author":4,"featured_media":66998,"comment_status":"open","ping_status":"open","sticky":false,"template":"","format":"standard","meta":{"om_disable_all_campaigns":false,"_monsterinsights_skip_tracking":false,"_monsterinsights_sitenote_active":false,"_monsterinsights_sitenote_note":"","_monsterinsights_sitenote_category":0,"footnotes":""},"categories":[175,226],"tags":[],"class_list":["post-66997","post","type-post","status-publish","format-standard","has-post-thumbnail","hentry","category-local","category-policia"],"amp_enabled":true,"_links":{"self":[{"href":"https:\/\/lahora.mx\/index.php\/wp-json\/wp\/v2\/posts\/66997","targetHints":{"allow":["GET"]}}],"collection":[{"href":"https:\/\/lahora.mx\/index.php\/wp-json\/wp\/v2\/posts"}],"about":[{"href":"https:\/\/lahora.mx\/index.php\/wp-json\/wp\/v2\/types\/post"}],"author":[{"embeddable":true,"href":"https:\/\/lahora.mx\/index.php\/wp-json\/wp\/v2\/users\/4"}],"replies":[{"embeddable":true,"href":"https:\/\/lahora.mx\/index.php\/wp-json\/wp\/v2\/comments?post=66997"}],"version-history":[{"count":1,"href":"https:\/\/lahora.mx\/index.php\/wp-json\/wp\/v2\/posts\/66997\/revisions"}],"predecessor-version":[{"id":66999,"href":"https:\/\/lahora.mx\/index.php\/wp-json\/wp\/v2\/posts\/66997\/revisions\/66999"}],"wp:featuredmedia":[{"embeddable":true,"href":"https:\/\/lahora.mx\/index.php\/wp-json\/wp\/v2\/media\/66998"}],"wp:attachment":[{"href":"https:\/\/lahora.mx\/index.php\/wp-json\/wp\/v2\/media?parent=66997"}],"wp:term":[{"taxonomy":"category","embeddable":true,"href":"https:\/\/lahora.mx\/index.php\/wp-json\/wp\/v2\/categories?post=66997"},{"taxonomy":"post_tag","embeddable":true,"href":"https:\/\/lahora.mx\/index.php\/wp-json\/wp\/v2\/tags?post=66997"}],"curies":[{"name":"wp","href":"https:\/\/api.w.org\/{rel}","templated":true}]}}