{"id":66994,"date":"2025-08-20T03:51:33","date_gmt":"2025-08-20T03:51:33","guid":{"rendered":"https:\/\/lahora.mx\/?p=66994"},"modified":"2025-08-20T03:51:34","modified_gmt":"2025-08-20T03:51:34","slug":"roberto-solis-hace-historia-presentara-la-marca-turistica-de-huejotzingo-el-1-de-septiembre","status":"publish","type":"post","link":"https:\/\/lahora.mx\/index.php\/2025\/08\/20\/roberto-solis-hace-historia-presentara-la-marca-turistica-de-huejotzingo-el-1-de-septiembre\/","title":{"rendered":"Roberto Sol\u00eds hace historia: presentar\u00e1 la marca tur\u00edstica de Huejotzingo el 1 de septiembre"},"content":{"rendered":"\n<p>El alcalde de Huejotzingo, Roberto Sol\u00eds Valles, inform\u00f3 que el pr\u00f3ximo 1 de septiembre se presentar\u00e1 la marca tur\u00edstica oficial del municipio. Ser\u00e1 el \u00fanico de los 217 ayuntamientos de Puebla, y el \u00fanico Pueblo M\u00e1gico del pa\u00eds, en contar con una identidad propia de promoci\u00f3n, con la que busca consolidarse como uno de los principales destinos tur\u00edsticos de Puebla.<\/p>\n\n\n\n<p>El presidente municipal destac\u00f3 que esta estrategia se acompa\u00f1a de una intensa cartelera de ferias y festivales que se realizar\u00e1n durante los pr\u00f3ximos meses. Entre ellas, la Feria de las Berries, que se llevar\u00e1 a cabo desde este 21 al 24 de agosto en San Diego Buenavista, que es el segundo productor de frutos rojos m\u00e1s importante del estado.<\/p>\n\n\n\n<p>Para facilitar la llegada de visitantes, el gobierno municipal habilitar\u00e1 transporte desde el centro de Huejotzingo, con salidas cada hora. La feria incluir\u00e1 una programaci\u00f3n cultural y art\u00edstico, en el que destaca la presentaci\u00f3n del Grupo Brindis el 23 de agosto.<\/p>\n\n\n\n<p>Una semana despu\u00e9s, los d\u00edas 30 y 31 de agosto, se realizar\u00e1 la Feria de las Carnitas, seguida por la Feria Patronal, el Festival Camino de las Almas en temporada de D\u00eda de Muertos, la Feria del Tejocote, la Feria del Ma\u00edz, la Villa Navide\u00f1a y el Carnaval de Huejotzingo en su edici\u00f3n 155, adem\u00e1s de un Festival de M\u00fasica Electr\u00f3nica programado para el 2 de noviembre.<\/p>\n\n\n\n<p>\u201cLas jornadas son marat\u00f3nicas en el municipio, invitar a todos, los estaremos esperando con los brazos abiertos\u201d, expres\u00f3 el alcalde Sol\u00eds Valles.<\/p>\n\n\n\n<p>En paralelo, Huejotzingo tambi\u00e9n impulsa su producto m\u00e1s emblem\u00e1tico: la sidra. Tras recibir el d\u00eda de hoy la indicaci\u00f3n geogr\u00e1fica otorgada por el IMPI y Santiago Nieto, el edil adelant\u00f3 que algunos productores locales viajar\u00e1n a Asturias, Espa\u00f1a, para intercambiar experiencias y replicar buenas pr\u00e1cticas tanto en producci\u00f3n como en promoci\u00f3n tur\u00edstica.<\/p>\n","protected":false},"excerpt":{"rendered":"<p>El alcalde de Huejotzingo, Roberto Sol\u00eds Valles, inform\u00f3 que el pr\u00f3ximo 1 de septiembre se presentar\u00e1 la marca tur\u00edstica oficial del municipio. Ser\u00e1 el \u00fanico de los 217 ayuntamientos de Puebla, y el \u00fanico Pueblo M\u00e1gico del pa\u00eds, en contar con una identidad propia de promoci\u00f3n, con la que busca consolidarse como uno de los [&hellip;]<\/p>\n","protected":false},"author":4,"featured_media":66995,"comment_status":"open","ping_status":"open","sticky":false,"template":"","format":"standard","meta":{"om_disable_all_campaigns":false,"_monsterinsights_skip_tracking":false,"_monsterinsights_sitenote_active":false,"_monsterinsights_sitenote_note":"","_monsterinsights_sitenote_category":0,"footnotes":""},"categories":[175,5],"tags":[],"class_list":["post-66994","post","type-post","status-publish","format-standard","has-post-thumbnail","hentry","category-local","category-politica"],"amp_enabled":true,"_links":{"self":[{"href":"https:\/\/lahora.mx\/index.php\/wp-json\/wp\/v2\/posts\/66994","targetHints":{"allow":["GET"]}}],"collection":[{"href":"https:\/\/lahora.mx\/index.php\/wp-json\/wp\/v2\/posts"}],"about":[{"href":"https:\/\/lahora.mx\/index.php\/wp-json\/wp\/v2\/types\/post"}],"author":[{"embeddable":true,"href":"https:\/\/lahora.mx\/index.php\/wp-json\/wp\/v2\/users\/4"}],"replies":[{"embeddable":true,"href":"https:\/\/lahora.mx\/index.php\/wp-json\/wp\/v2\/comments?post=66994"}],"version-history":[{"count":1,"href":"https:\/\/lahora.mx\/index.php\/wp-json\/wp\/v2\/posts\/66994\/revisions"}],"predecessor-version":[{"id":66996,"href":"https:\/\/lahora.mx\/index.php\/wp-json\/wp\/v2\/posts\/66994\/revisions\/66996"}],"wp:featuredmedia":[{"embeddable":true,"href":"https:\/\/lahora.mx\/index.php\/wp-json\/wp\/v2\/media\/66995"}],"wp:attachment":[{"href":"https:\/\/lahora.mx\/index.php\/wp-json\/wp\/v2\/media?parent=66994"}],"wp:term":[{"taxonomy":"category","embeddable":true,"href":"https:\/\/lahora.mx\/index.php\/wp-json\/wp\/v2\/categories?post=66994"},{"taxonomy":"post_tag","embeddable":true,"href":"https:\/\/lahora.mx\/index.php\/wp-json\/wp\/v2\/tags?post=66994"}],"curies":[{"name":"wp","href":"https:\/\/api.w.org\/{rel}","templated":true}]}}