{"id":66991,"date":"2025-08-20T03:49:52","date_gmt":"2025-08-20T03:49:52","guid":{"rendered":"https:\/\/lahora.mx\/?p=66991"},"modified":"2025-08-20T03:49:52","modified_gmt":"2025-08-20T03:49:52","slug":"el-gobernador-armenta-entrega-reconocimiento-a-roberto-solis-valles-por-el-impulso-y-desarrollo-a-sus-productos-locales","status":"publish","type":"post","link":"https:\/\/lahora.mx\/index.php\/2025\/08\/20\/el-gobernador-armenta-entrega-reconocimiento-a-roberto-solis-valles-por-el-impulso-y-desarrollo-a-sus-productos-locales\/","title":{"rendered":"El gobernador Armenta entrega reconocimiento a Roberto Sol\u00eds Valles por el impulso y desarrollo a sus productos locales"},"content":{"rendered":"\n<p>El Gobierno Municipal encabezado por Roberto Sol\u00eds Valles, celebra un logro hist\u00f3rico para las y los productores locales: la sidra de Huejotzingo obtuvo la distinci\u00f3n de Indicaci\u00f3n Geogr\u00e1fica, otorgada por el Instituto Mexicano de la Propiedad Industrial (IMPI).<\/p>\n\n\n\n<p>El reconocimiento fue entregado en la rueda de prensa semanal del Gobernador del Estado, Alejandro Armenta Mier, quien estuvo acompa\u00f1ado por el Presidente Municipal de Huejotzingo. El titular del IMPI, Santiago Nieto Castillo, hizo entrega del certificado a las casas productoras locales, marcando un precedente en la protecci\u00f3n y promoci\u00f3n de este producto emblem\u00e1tico.<\/p>\n\n\n\n<p>Huejotzingo concentra el 85 % de la producci\u00f3n nacional de sidra, con 20 casas productoras que generan m\u00e1s de tres millones de botellas al a\u00f1o, impulsando la econom\u00eda de m\u00e1s de 400 familias. Esta certificaci\u00f3n reconoce la calidad y tradici\u00f3n de la bebida, protege contra imitaciones, garantiza su autenticidad y abre la puerta a nuevos mercados nacionales e internacionales.<\/p>\n\n\n\n<p>El Gobernador, Alejandro Armenta, destac\u00f3 que este reconocimiento contribuir\u00e1 a combatir la producci\u00f3n irregular, mientras que el Presidente Municipal, Roberto Sol\u00eds, subray\u00f3 que este avance es un resultado directo del trabajo de la Administraci\u00f3n 2024\u20132027, que impulsa el desarrollo econ\u00f3mico y fortalece la identidad cultural de Huejotzingo.<\/p>\n\n\n\n<p>Con este logro, el Gobierno Municipal de Huejotzingo reafirma su compromiso con la tradici\u00f3n, la innovaci\u00f3n y el bienestar de las familias huejotzingas, proyectando a la sidra como un orgullo de Puebla y de M\u00e9xico.<\/p>\n","protected":false},"excerpt":{"rendered":"<p>El Gobierno Municipal encabezado por Roberto Sol\u00eds Valles, celebra un logro hist\u00f3rico para las y los productores locales: la sidra de Huejotzingo obtuvo la distinci\u00f3n de Indicaci\u00f3n Geogr\u00e1fica, otorgada por el Instituto Mexicano de la Propiedad Industrial (IMPI). El reconocimiento fue entregado en la rueda de prensa semanal del Gobernador del Estado, Alejandro Armenta Mier, [&hellip;]<\/p>\n","protected":false},"author":4,"featured_media":66992,"comment_status":"open","ping_status":"open","sticky":false,"template":"","format":"standard","meta":{"om_disable_all_campaigns":false,"_monsterinsights_skip_tracking":false,"_monsterinsights_sitenote_active":false,"_monsterinsights_sitenote_note":"","_monsterinsights_sitenote_category":0,"footnotes":""},"categories":[175],"tags":[223],"class_list":["post-66991","post","type-post","status-publish","format-standard","has-post-thumbnail","hentry","category-local","tag-puebla"],"amp_enabled":true,"_links":{"self":[{"href":"https:\/\/lahora.mx\/index.php\/wp-json\/wp\/v2\/posts\/66991","targetHints":{"allow":["GET"]}}],"collection":[{"href":"https:\/\/lahora.mx\/index.php\/wp-json\/wp\/v2\/posts"}],"about":[{"href":"https:\/\/lahora.mx\/index.php\/wp-json\/wp\/v2\/types\/post"}],"author":[{"embeddable":true,"href":"https:\/\/lahora.mx\/index.php\/wp-json\/wp\/v2\/users\/4"}],"replies":[{"embeddable":true,"href":"https:\/\/lahora.mx\/index.php\/wp-json\/wp\/v2\/comments?post=66991"}],"version-history":[{"count":1,"href":"https:\/\/lahora.mx\/index.php\/wp-json\/wp\/v2\/posts\/66991\/revisions"}],"predecessor-version":[{"id":66993,"href":"https:\/\/lahora.mx\/index.php\/wp-json\/wp\/v2\/posts\/66991\/revisions\/66993"}],"wp:featuredmedia":[{"embeddable":true,"href":"https:\/\/lahora.mx\/index.php\/wp-json\/wp\/v2\/media\/66992"}],"wp:attachment":[{"href":"https:\/\/lahora.mx\/index.php\/wp-json\/wp\/v2\/media?parent=66991"}],"wp:term":[{"taxonomy":"category","embeddable":true,"href":"https:\/\/lahora.mx\/index.php\/wp-json\/wp\/v2\/categories?post=66991"},{"taxonomy":"post_tag","embeddable":true,"href":"https:\/\/lahora.mx\/index.php\/wp-json\/wp\/v2\/tags?post=66991"}],"curies":[{"name":"wp","href":"https:\/\/api.w.org\/{rel}","templated":true}]}}