{"id":66985,"date":"2025-08-20T00:48:12","date_gmt":"2025-08-20T00:48:12","guid":{"rendered":"https:\/\/lahora.mx\/?p=66985"},"modified":"2025-08-20T00:48:13","modified_gmt":"2025-08-20T00:48:13","slug":"que-significa-el-icono-de-la-bandera-y-como-usarlo-en-los-chats","status":"publish","type":"post","link":"https:\/\/lahora.mx\/index.php\/2025\/08\/20\/que-significa-el-icono-de-la-bandera-y-como-usarlo-en-los-chats\/","title":{"rendered":"\u00bfqu\u00e9 significa el \u00edcono de la bandera y c\u00f3mo usarlo en los chats?"},"content":{"rendered":"\n<p>WhatsApp contin\u00faa lanzando funciones que buscan equilibrar privacidad y utilidad en las conversaciones. Una de las herramientas menos conocidas es el \u00edcono de la bandera, disponible en los chats temporales. Pero, \u00bfqu\u00e9 significa realmente y c\u00f3mo se usa en los chats?<\/p>\n\n\n\n<p>\u00bfQu\u00e9 significa el icono de la bandera en WhatsApp?<br>El icono de la bandera en WhatsApp funciona como una herramienta para preservar informaci\u00f3n importante dentro de chats donde est\u00e1n activados los mensajes temporales. Esta funci\u00f3n aparece cuando se selecciona un mensaje dentro de una conversaci\u00f3n ef\u00edmera y permite que dicho contenido no desaparezca junto con el resto del historial.<\/p>\n\n\n\n<p>La herramienta responde a una necesidad frecuente: muchos usuarios activan los mensajes temporales para mantener sus conversaciones limpias y ahorrar espacio, pero al hacerlo tambi\u00e9n se arriesgan a perder datos valiosos como direcciones, fechas, contrase\u00f1as o im\u00e1genes relevantes.<\/p>\n\n\n\n<p>El uso de la bandera en WhatsApp permite conservar esos datos sin necesidad de desactivar la funci\u00f3n ef\u00edmera. As\u00ed, se obtiene lo mejor de ambos mundos: privacidad y organizaci\u00f3n, sin renunciar a la posibilidad de guardar lo esencial.<br>Los mensajes de WhatsApp marcados con la bandera quedan guardados en una secci\u00f3n espec\u00edfica del chat llamada \u00abMensajes conservados\u00bb, a la que todos los participantes pueden acceder, ver o incluso retirar los mensajes guardados, si as\u00ed lo deciden.<\/p>\n\n\n\n<p>\u00bfC\u00f3mo activar la bandera en WhatsApp paso a paso?<br>Para aprovechar esta herramienta, es necesario que los mensajes temporales est\u00e9n activados en la conversaci\u00f3n. A continuaci\u00f3n, los pasos para activar y usar la funci\u00f3n de la bandera:<\/p>\n\n\n\n<p>Activar mensajes temporales:<br>Entra al chat donde quieres usar la funci\u00f3n.<br>Pulsa el nombre del contacto o grupo.<br>Selecciona la opci\u00f3n \u201cMensajes temporales\u201d.<br>Elige el periodo tras el cual los mensajes se eliminar\u00e1n autom\u00e1ticamente: 24 horas, 7 d\u00edas o 90 d\u00edas.<br>A partir de ese momento, todos los mensajes nuevos ser\u00e1n ef\u00edmeros.<\/p>\n","protected":false},"excerpt":{"rendered":"<p>WhatsApp contin\u00faa lanzando funciones que buscan equilibrar privacidad y utilidad en las conversaciones. Una de las herramientas menos conocidas es el \u00edcono de la bandera, disponible en los chats temporales. Pero, \u00bfqu\u00e9 significa realmente y c\u00f3mo se usa en los chats? \u00bfQu\u00e9 significa el icono de la bandera en WhatsApp?El icono de la bandera en [&hellip;]<\/p>\n","protected":false},"author":4,"featured_media":66986,"comment_status":"open","ping_status":"open","sticky":false,"template":"","format":"standard","meta":{"om_disable_all_campaigns":false,"_monsterinsights_skip_tracking":false,"_monsterinsights_sitenote_active":false,"_monsterinsights_sitenote_note":"","_monsterinsights_sitenote_category":0,"footnotes":""},"categories":[7],"tags":[],"class_list":["post-66985","post","type-post","status-publish","format-standard","has-post-thumbnail","hentry","category-geek"],"amp_enabled":true,"_links":{"self":[{"href":"https:\/\/lahora.mx\/index.php\/wp-json\/wp\/v2\/posts\/66985","targetHints":{"allow":["GET"]}}],"collection":[{"href":"https:\/\/lahora.mx\/index.php\/wp-json\/wp\/v2\/posts"}],"about":[{"href":"https:\/\/lahora.mx\/index.php\/wp-json\/wp\/v2\/types\/post"}],"author":[{"embeddable":true,"href":"https:\/\/lahora.mx\/index.php\/wp-json\/wp\/v2\/users\/4"}],"replies":[{"embeddable":true,"href":"https:\/\/lahora.mx\/index.php\/wp-json\/wp\/v2\/comments?post=66985"}],"version-history":[{"count":1,"href":"https:\/\/lahora.mx\/index.php\/wp-json\/wp\/v2\/posts\/66985\/revisions"}],"predecessor-version":[{"id":66987,"href":"https:\/\/lahora.mx\/index.php\/wp-json\/wp\/v2\/posts\/66985\/revisions\/66987"}],"wp:featuredmedia":[{"embeddable":true,"href":"https:\/\/lahora.mx\/index.php\/wp-json\/wp\/v2\/media\/66986"}],"wp:attachment":[{"href":"https:\/\/lahora.mx\/index.php\/wp-json\/wp\/v2\/media?parent=66985"}],"wp:term":[{"taxonomy":"category","embeddable":true,"href":"https:\/\/lahora.mx\/index.php\/wp-json\/wp\/v2\/categories?post=66985"},{"taxonomy":"post_tag","embeddable":true,"href":"https:\/\/lahora.mx\/index.php\/wp-json\/wp\/v2\/tags?post=66985"}],"curies":[{"name":"wp","href":"https:\/\/api.w.org\/{rel}","templated":true}]}}