{"id":66976,"date":"2025-08-20T00:41:42","date_gmt":"2025-08-20T00:41:42","guid":{"rendered":"https:\/\/lahora.mx\/?p=66976"},"modified":"2025-08-20T00:41:43","modified_gmt":"2025-08-20T00:41:43","slug":"ambulantes-y-personal-municipal-se-enfrentan-en-el-centro-historico-de-puebla-reportan-disparos-y-13-heridos","status":"publish","type":"post","link":"https:\/\/lahora.mx\/index.php\/2025\/08\/20\/ambulantes-y-personal-municipal-se-enfrentan-en-el-centro-historico-de-puebla-reportan-disparos-y-13-heridos\/","title":{"rendered":"Ambulantes y personal municipal se enfrentan en el Centro Hist\u00f3rico de Puebla; reportan disparos y 13 heridos"},"content":{"rendered":"\n<p>La tarde del 19 de agosto se realiz\u00f3 un operativo de seguridad en el Centro Hist\u00f3rico de Puebla, espec\u00edficamente en la esquina de la 10 Poniente y 3 Norte, tras un enfrentamiento entre vendedores ambulantes y personal de la Direcci\u00f3n de V\u00eda P\u00fablica. La autoridad municipal confirm\u00f3 que algunos comerciantes realizaron disparos con armas de fuego, sin que se registraran personas lesionadas por proyectiles.<\/p>\n\n\n\n<p>Durante el incidente, Mart\u00edn Ju\u00e1rez, l\u00edder de la organizaci\u00f3n 11 de Marzo, result\u00f3 herido por golpes, al igual que al menos otros cuatro comerciantes. Tambi\u00e9n se reportaron 13 trabajadores de la Direcci\u00f3n de V\u00eda P\u00fablica con lesiones causadas por agresiones f\u00edsicas, quienes ya reciben atenci\u00f3n m\u00e9dica.<\/p>\n\n\n\n<p><br>Acusan al funcionario de abandonar reuniones previas y piden que instancias federales investiguen el ataque armado que dej\u00f3 una persona muerta y otra herida<br>Elementos de la Secretar\u00eda de Seguridad Ciudadana (SSC) acudieron al lugar, cerraron calles con equipo especializado y pidieron a las personas que se retiraran para proteger su integridad. Estas acciones tuvieron como prop\u00f3sito controlar la situaci\u00f3n.<\/p>\n\n\n\n<p>La SSC mantiene un operativo permanente en la zona para restablecer el orden. Las autoridades municipales informaron que, durante el resto del a\u00f1o, no se permitir\u00e1 la instalaci\u00f3n de comercio informal en el n\u00facleo del Centro Hist\u00f3rico.<br><br>A pesar de los avisos emitidos por la Direcci\u00f3n de Normatividad Municipal, este d\u00eda nuevamente se registr\u00f3 tensi\u00f3n en el \u00e1rea, ya que los vendedores intentaron colocarse en la v\u00eda p\u00fablica.<\/p>\n\n\n\n<p>Conforme avanz\u00f3 el operativo, llegaron al lugar elementos de la Polic\u00eda Estatal, la Secretar\u00eda de la Defensa Nacional (Sedena), la Guardia Nacional y la Marina, quienes vigilaron las calles 3 Norte, 2 Poniente y 10 Poniente.<\/p>\n\n\n\n<p>Enfrentamiento entre ambulantes y personal municipal deja varios lesionados en el Centro Hist\u00f3rico de Puebla<br>Mart\u00edn Ju\u00e1rez, l\u00edder de la organizaci\u00f3n 11 de Marzo. \/ Foto: Daniel Casas \/ El Sol de Puebla<br>Mart\u00edn Ju\u00e1rez se\u00f1al\u00f3 como responsable de la agresi\u00f3n a una persona identificada como H\u00e9ctor, alias \u201cEl Gallo\u201d. Asegur\u00f3 que este individuo envi\u00f3 grupos de choque y no descart\u00f3 que sus allegados tambi\u00e9n hayan estado involucrados en los disturbios ocurridos en el Estadio Cuauht\u00e9moc el 15 de agosto.<\/p>\n\n\n\n<p>Por su parte, la Secretar\u00eda General de Gobierno inform\u00f3 que el operativo de reordenamiento realizado por la Direcci\u00f3n de V\u00eda P\u00fablica en la calle 10 Poniente y 3 Norte deriv\u00f3 en un enfrentamiento en el que comerciantes realizaron disparos de arma de fuego. \u201cEl personal del Ayuntamiento, los comerciantes involucrados y las personas que se encontraban en la zona no resultaron heridos por los proyectiles\u201d, se indic\u00f3 en un comunicado oficial.<\/p>\n\n\n\n<p><br>L\u00edder de la Doroteo Arango se deslinda del asesinato de Areli Ru\u00edz<br>Se\u00f1al\u00f3 que integrantes de la 28 de Octubre presuntamente dispararon contra miembros de ambas organizaciones hiriendo a dos personas<br>El operativo fue consecuencia del incumplimiento de acuerdos previos, los cuales establec\u00edan que los d\u00edas martes y jueves no se permitir\u00eda la instalaci\u00f3n de comercio informal en el Centro Hist\u00f3rico.<\/p>\n\n\n\n<p>\u201cLa Secretar\u00eda General de Gobierno rechaza este tipo de hechos y reitera su compromiso de privilegiar el di\u00e1logo sobre la confrontaci\u00f3n, con el objetivo de mantener el orden y la tranquilidad en el Centro Hist\u00f3rico y en el resto del municipio de Puebla\u201d, concluy\u00f3 el comunicado.<\/p>\n","protected":false},"excerpt":{"rendered":"<p>La tarde del 19 de agosto se realiz\u00f3 un operativo de seguridad en el Centro Hist\u00f3rico de Puebla, espec\u00edficamente en la esquina de la 10 Poniente y 3 Norte, tras un enfrentamiento entre vendedores ambulantes y personal de la Direcci\u00f3n de V\u00eda P\u00fablica. La autoridad municipal confirm\u00f3 que algunos comerciantes realizaron disparos con armas de [&hellip;]<\/p>\n","protected":false},"author":4,"featured_media":66977,"comment_status":"open","ping_status":"open","sticky":false,"template":"","format":"standard","meta":{"om_disable_all_campaigns":false,"_monsterinsights_skip_tracking":false,"_monsterinsights_sitenote_active":false,"_monsterinsights_sitenote_note":"","_monsterinsights_sitenote_category":0,"footnotes":""},"categories":[175],"tags":[195,223],"class_list":["post-66976","post","type-post","status-publish","format-standard","has-post-thumbnail","hentry","category-local","tag-principal","tag-puebla"],"amp_enabled":true,"_links":{"self":[{"href":"https:\/\/lahora.mx\/index.php\/wp-json\/wp\/v2\/posts\/66976","targetHints":{"allow":["GET"]}}],"collection":[{"href":"https:\/\/lahora.mx\/index.php\/wp-json\/wp\/v2\/posts"}],"about":[{"href":"https:\/\/lahora.mx\/index.php\/wp-json\/wp\/v2\/types\/post"}],"author":[{"embeddable":true,"href":"https:\/\/lahora.mx\/index.php\/wp-json\/wp\/v2\/users\/4"}],"replies":[{"embeddable":true,"href":"https:\/\/lahora.mx\/index.php\/wp-json\/wp\/v2\/comments?post=66976"}],"version-history":[{"count":1,"href":"https:\/\/lahora.mx\/index.php\/wp-json\/wp\/v2\/posts\/66976\/revisions"}],"predecessor-version":[{"id":66978,"href":"https:\/\/lahora.mx\/index.php\/wp-json\/wp\/v2\/posts\/66976\/revisions\/66978"}],"wp:featuredmedia":[{"embeddable":true,"href":"https:\/\/lahora.mx\/index.php\/wp-json\/wp\/v2\/media\/66977"}],"wp:attachment":[{"href":"https:\/\/lahora.mx\/index.php\/wp-json\/wp\/v2\/media?parent=66976"}],"wp:term":[{"taxonomy":"category","embeddable":true,"href":"https:\/\/lahora.mx\/index.php\/wp-json\/wp\/v2\/categories?post=66976"},{"taxonomy":"post_tag","embeddable":true,"href":"https:\/\/lahora.mx\/index.php\/wp-json\/wp\/v2\/tags?post=66976"}],"curies":[{"name":"wp","href":"https:\/\/api.w.org\/{rel}","templated":true}]}}