{"id":6695,"date":"2022-05-09T23:19:32","date_gmt":"2022-05-09T23:19:32","guid":{"rendered":"http:\/\/lahora.mx\/?p=6695"},"modified":"2022-05-09T23:19:33","modified_gmt":"2022-05-09T23:19:33","slug":"ahora-en-veracruz-asesinan-a-las-periodistas-yesenia-mollinedo-y-sheila-johana-garcia","status":"publish","type":"post","link":"https:\/\/lahora.mx\/index.php\/2022\/05\/09\/ahora-en-veracruz-asesinan-a-las-periodistas-yesenia-mollinedo-y-sheila-johana-garcia\/","title":{"rendered":"Ahora en Veracruz; asesinan a las periodistas Yesenia Mollinedo y Sheila Johana Garc\u00eda"},"content":{"rendered":"\n<p>Las reporteras veracruzanas Yesenia Mollinedo y<strong>\u00a0Sheila Johana Garc\u00eda Olvera\u00a0<\/strong>fueron asesinadas a tiros hoy en el sur de la entidad.<\/p>\n\n\n\n<p>El crimen ocurri\u00f3 la tarde de hoy en la cabecera municipal de Cosoleacaque regi\u00f3n petrolera y ganadera del sur de<strong>\u00a0Veracruz<\/strong>.\u00a0<\/p>\n\n\n\n<p>Mollinedo era directora del portal de noticias&nbsp;<strong>El Veraz&nbsp;<\/strong>y Sheila Johana camarografa del mismo portal.&nbsp;<\/p>\n\n\n\n<p>La Fiscal\u00eda General del Estado informa que se inici\u00f3 carpeta de investigaci\u00f3n, ante los lamentables hechos en los que perdieran la vida la directora del portal El Veraz, Yesenia Mollinedo Falconi y la reportera Sheila Johana Garc\u00eda Olivera, en el municipio de Cosoleacaque\u00bb, report\u00f3 la FGE.\u00a0<\/p>\n\n\n\n<p>Testigos de los hechos detallaron que ambas viajaban en un auto compacto y cuando se encontraban en el estacionamiento de una tienda de conveniencia fueron atacadas a tiros.&nbsp;<\/p>\n\n\n\n<p>La comunicadora,&nbsp;Yesenia Mollinedo, fue trasladada a un hospital de la localidad, donde falleci\u00f3.<\/p>\n\n\n\n<p>La Secretar\u00eda de Seguridad P\u00fablica, en coordinaci\u00f3n con fuerzas federales, activ\u00f3 el operativo C\u00f3digo Rojo, tras agresi\u00f3n a la periodista.\u00a0<\/p>\n\n\n\n<p>La dependencia inform\u00f3 que las fuerzas del orden mantienen operativo en la zona para la b\u00fasqueda y localizaci\u00f3n de los agresores.<\/p>\n","protected":false},"excerpt":{"rendered":"<p>Las reporteras veracruzanas Yesenia Mollinedo y\u00a0Sheila Johana Garc\u00eda Olvera\u00a0fueron asesinadas a tiros hoy en el sur de la entidad. El crimen ocurri\u00f3 la tarde de hoy en la cabecera municipal de Cosoleacaque regi\u00f3n petrolera y ganadera del sur de\u00a0Veracruz.\u00a0 Mollinedo era directora del portal de noticias&nbsp;El Veraz&nbsp;y Sheila Johana camarografa del mismo portal.&nbsp; La Fiscal\u00eda [&hellip;]<\/p>\n","protected":false},"author":4,"featured_media":6696,"comment_status":"open","ping_status":"open","sticky":false,"template":"","format":"standard","meta":{"om_disable_all_campaigns":false,"_monsterinsights_skip_tracking":false,"_monsterinsights_sitenote_active":false,"_monsterinsights_sitenote_note":"","_monsterinsights_sitenote_category":0,"footnotes":""},"categories":[176],"tags":[],"class_list":["post-6695","post","type-post","status-publish","format-standard","has-post-thumbnail","hentry","category-nacional"],"amp_enabled":true,"_links":{"self":[{"href":"https:\/\/lahora.mx\/index.php\/wp-json\/wp\/v2\/posts\/6695","targetHints":{"allow":["GET"]}}],"collection":[{"href":"https:\/\/lahora.mx\/index.php\/wp-json\/wp\/v2\/posts"}],"about":[{"href":"https:\/\/lahora.mx\/index.php\/wp-json\/wp\/v2\/types\/post"}],"author":[{"embeddable":true,"href":"https:\/\/lahora.mx\/index.php\/wp-json\/wp\/v2\/users\/4"}],"replies":[{"embeddable":true,"href":"https:\/\/lahora.mx\/index.php\/wp-json\/wp\/v2\/comments?post=6695"}],"version-history":[{"count":1,"href":"https:\/\/lahora.mx\/index.php\/wp-json\/wp\/v2\/posts\/6695\/revisions"}],"predecessor-version":[{"id":6697,"href":"https:\/\/lahora.mx\/index.php\/wp-json\/wp\/v2\/posts\/6695\/revisions\/6697"}],"wp:featuredmedia":[{"embeddable":true,"href":"https:\/\/lahora.mx\/index.php\/wp-json\/wp\/v2\/media\/6696"}],"wp:attachment":[{"href":"https:\/\/lahora.mx\/index.php\/wp-json\/wp\/v2\/media?parent=6695"}],"wp:term":[{"taxonomy":"category","embeddable":true,"href":"https:\/\/lahora.mx\/index.php\/wp-json\/wp\/v2\/categories?post=6695"},{"taxonomy":"post_tag","embeddable":true,"href":"https:\/\/lahora.mx\/index.php\/wp-json\/wp\/v2\/tags?post=6695"}],"curies":[{"name":"wp","href":"https:\/\/api.w.org\/{rel}","templated":true}]}}