{"id":66948,"date":"2025-08-19T15:40:02","date_gmt":"2025-08-19T15:40:02","guid":{"rendered":"https:\/\/lahora.mx\/?p=66948"},"modified":"2025-08-19T15:40:03","modified_gmt":"2025-08-19T15:40:03","slug":"este-es-el-clima-para-puebla-de-este-martes","status":"publish","type":"post","link":"https:\/\/lahora.mx\/index.php\/2025\/08\/19\/este-es-el-clima-para-puebla-de-este-martes\/","title":{"rendered":"Este es el clima para Puebla de este martes"},"content":{"rendered":"\n<p>La Coordinaci\u00f3n General de Protecci\u00f3n Civil del Estado de Puebla inform\u00f3 que para este martes se espera un ambiente templado a lo largo del d\u00eda, con temperaturas que oscilar\u00e1n entre los 26 y 28 grados, alcanzando m\u00e1ximas de hasta 29 grados en algunas regiones.<br><br>De acuerdo con el pron\u00f3stico, se prev\u00e9n lluvias ligeras con acumulados de 15 mil\u00edmetros en municipios de Atlixco, la zona de Angel\u00f3polis, los Valles Centrales, as\u00ed como en las Sierras Norte, Nororiental y Negra. Adem\u00e1s, se pronostican vientos provenientes del sureste con velocidades de 30 a 35 kil\u00f3metros por hora en la mayor parte del territorio poblano.<\/p>\n\n\n\n<p>Protecci\u00f3n Civil recomend\u00f3 a la poblaci\u00f3n tomar precauciones ante las condiciones atmosf\u00e9ricas, ya que las precipitaciones y las rachas de viento podr\u00edan generar encharcamientos, ca\u00edda de ramas o afectaciones menores en caminos y carreteras.<\/p>\n","protected":false},"excerpt":{"rendered":"<p>La Coordinaci\u00f3n General de Protecci\u00f3n Civil del Estado de Puebla inform\u00f3 que para este martes se espera un ambiente templado a lo largo del d\u00eda, con temperaturas que oscilar\u00e1n entre los 26 y 28 grados, alcanzando m\u00e1ximas de hasta 29 grados en algunas regiones. De acuerdo con el pron\u00f3stico, se prev\u00e9n lluvias ligeras con acumulados [&hellip;]<\/p>\n","protected":false},"author":4,"featured_media":66950,"comment_status":"open","ping_status":"open","sticky":false,"template":"","format":"standard","meta":{"om_disable_all_campaigns":false,"_monsterinsights_skip_tracking":false,"_monsterinsights_sitenote_active":false,"_monsterinsights_sitenote_note":"","_monsterinsights_sitenote_category":0,"footnotes":""},"categories":[175],"tags":[195,223],"class_list":["post-66948","post","type-post","status-publish","format-standard","has-post-thumbnail","hentry","category-local","tag-principal","tag-puebla"],"amp_enabled":true,"_links":{"self":[{"href":"https:\/\/lahora.mx\/index.php\/wp-json\/wp\/v2\/posts\/66948","targetHints":{"allow":["GET"]}}],"collection":[{"href":"https:\/\/lahora.mx\/index.php\/wp-json\/wp\/v2\/posts"}],"about":[{"href":"https:\/\/lahora.mx\/index.php\/wp-json\/wp\/v2\/types\/post"}],"author":[{"embeddable":true,"href":"https:\/\/lahora.mx\/index.php\/wp-json\/wp\/v2\/users\/4"}],"replies":[{"embeddable":true,"href":"https:\/\/lahora.mx\/index.php\/wp-json\/wp\/v2\/comments?post=66948"}],"version-history":[{"count":1,"href":"https:\/\/lahora.mx\/index.php\/wp-json\/wp\/v2\/posts\/66948\/revisions"}],"predecessor-version":[{"id":66951,"href":"https:\/\/lahora.mx\/index.php\/wp-json\/wp\/v2\/posts\/66948\/revisions\/66951"}],"wp:featuredmedia":[{"embeddable":true,"href":"https:\/\/lahora.mx\/index.php\/wp-json\/wp\/v2\/media\/66950"}],"wp:attachment":[{"href":"https:\/\/lahora.mx\/index.php\/wp-json\/wp\/v2\/media?parent=66948"}],"wp:term":[{"taxonomy":"category","embeddable":true,"href":"https:\/\/lahora.mx\/index.php\/wp-json\/wp\/v2\/categories?post=66948"},{"taxonomy":"post_tag","embeddable":true,"href":"https:\/\/lahora.mx\/index.php\/wp-json\/wp\/v2\/tags?post=66948"}],"curies":[{"name":"wp","href":"https:\/\/api.w.org\/{rel}","templated":true}]}}