{"id":66938,"date":"2025-08-19T15:35:33","date_gmt":"2025-08-19T15:35:33","guid":{"rendered":"https:\/\/lahora.mx\/?p=66938"},"modified":"2025-08-19T15:35:34","modified_gmt":"2025-08-19T15:35:34","slug":"volcadura-de-camioneta-deja-varios-lesionados-sobre-la-chignahuapan-zacatlan","status":"publish","type":"post","link":"https:\/\/lahora.mx\/index.php\/2025\/08\/19\/volcadura-de-camioneta-deja-varios-lesionados-sobre-la-chignahuapan-zacatlan\/","title":{"rendered":"Volcadura de camioneta deja varios lesionados sobre la Chignahuapan-Zacatl\u00e1n"},"content":{"rendered":"\n<p>La volcadura de una camioneta se registr\u00f3 la tarde del lunes sobre la carretera federal Chignahuapan\u2013Zacatl\u00e1n, a la altura de la gasolinera conocida como 4 Se\u00f1or\u00edos, dejando personas lesionadas e importante carga vehicular en el lugar.<br><br>De acuerdo con los primeros reportes, en el percance se vieron involucrados dos veh\u00edculos, entre ellos una camioneta tipo estacas que transportaba bultos de ma\u00edz y que termin\u00f3 volcada por completo sobre la cinta asf\u00e1ltica y aunque hasta el momento se desconoce la mec\u00e1nica del accidente, el exceso de velocidad fue el principal factor para que ocurriera el mismo.<\/p>\n\n\n\n<p>El incidente dej\u00f3 varias personas heridas, aunque hasta el momento no se ha precisado el n\u00famero ni la gravedad de las lesiones, sin embargo el enojo por parte de familiares de las personas lesionadas se hizo presente luego de que una hora m\u00e1s tarde del percance, los elementos de seguridad a\u00fan no arribaban al sitio para atender a los lesionados, generando una intensa carga vial en el lugar.<\/p>\n\n\n\n<p>Ante la situaci\u00f3n, se exhorta a los automovilistas a extremar precauciones al circular por la zona, ya que el tr\u00e1nsito se encuentra parcialmente afectado. Se espera que en las pr\u00f3ximas horas las autoridades den a conocer m\u00e1s detalles sobre las causas del accidente y el estado de las personas lesionadas.<\/p>\n","protected":false},"excerpt":{"rendered":"<p>La volcadura de una camioneta se registr\u00f3 la tarde del lunes sobre la carretera federal Chignahuapan\u2013Zacatl\u00e1n, a la altura de la gasolinera conocida como 4 Se\u00f1or\u00edos, dejando personas lesionadas e importante carga vehicular en el lugar. De acuerdo con los primeros reportes, en el percance se vieron involucrados dos veh\u00edculos, entre ellos una camioneta tipo [&hellip;]<\/p>\n","protected":false},"author":4,"featured_media":66942,"comment_status":"open","ping_status":"open","sticky":false,"template":"","format":"standard","meta":{"om_disable_all_campaigns":false,"_monsterinsights_skip_tracking":false,"_monsterinsights_sitenote_active":false,"_monsterinsights_sitenote_note":"","_monsterinsights_sitenote_category":0,"footnotes":""},"categories":[175],"tags":[223],"class_list":["post-66938","post","type-post","status-publish","format-standard","has-post-thumbnail","hentry","category-local","tag-puebla"],"amp_enabled":true,"_links":{"self":[{"href":"https:\/\/lahora.mx\/index.php\/wp-json\/wp\/v2\/posts\/66938","targetHints":{"allow":["GET"]}}],"collection":[{"href":"https:\/\/lahora.mx\/index.php\/wp-json\/wp\/v2\/posts"}],"about":[{"href":"https:\/\/lahora.mx\/index.php\/wp-json\/wp\/v2\/types\/post"}],"author":[{"embeddable":true,"href":"https:\/\/lahora.mx\/index.php\/wp-json\/wp\/v2\/users\/4"}],"replies":[{"embeddable":true,"href":"https:\/\/lahora.mx\/index.php\/wp-json\/wp\/v2\/comments?post=66938"}],"version-history":[{"count":1,"href":"https:\/\/lahora.mx\/index.php\/wp-json\/wp\/v2\/posts\/66938\/revisions"}],"predecessor-version":[{"id":66943,"href":"https:\/\/lahora.mx\/index.php\/wp-json\/wp\/v2\/posts\/66938\/revisions\/66943"}],"wp:featuredmedia":[{"embeddable":true,"href":"https:\/\/lahora.mx\/index.php\/wp-json\/wp\/v2\/media\/66942"}],"wp:attachment":[{"href":"https:\/\/lahora.mx\/index.php\/wp-json\/wp\/v2\/media?parent=66938"}],"wp:term":[{"taxonomy":"category","embeddable":true,"href":"https:\/\/lahora.mx\/index.php\/wp-json\/wp\/v2\/categories?post=66938"},{"taxonomy":"post_tag","embeddable":true,"href":"https:\/\/lahora.mx\/index.php\/wp-json\/wp\/v2\/tags?post=66938"}],"curies":[{"name":"wp","href":"https:\/\/api.w.org\/{rel}","templated":true}]}}