{"id":66928,"date":"2025-08-19T01:57:26","date_gmt":"2025-08-19T01:57:26","guid":{"rendered":"https:\/\/lahora.mx\/?p=66928"},"modified":"2025-08-19T01:57:27","modified_gmt":"2025-08-19T01:57:27","slug":"armenta-llama-a-interesados-en-la-alcaldia-de-puebla-2027-a-trabajar-y-no-adelantarse","status":"publish","type":"post","link":"https:\/\/lahora.mx\/index.php\/2025\/08\/19\/armenta-llama-a-interesados-en-la-alcaldia-de-puebla-2027-a-trabajar-y-no-adelantarse\/","title":{"rendered":"Armenta llama a interesados en la alcald\u00eda de Puebla 2027 a trabajar y no adelantarse"},"content":{"rendered":"\n<p>El gobernador Alejandro Armenta Mier pidi\u00f3 a los interesados en ser candidatos a la presidencia municipal de Puebla en 2027 concentrarse en trabajar y esperar los tiempos electorales, luego de que el pasado fin de semana Arturo Escobar y Vega, consejero nacional del Partido Verde Ecologista de M\u00e9xico (PVEM) dio su respaldo al actual edil, Jos\u00e9 Chedraui Budib como abanderado a la reelecci\u00f3n.<\/p>\n\n\n\n<p>Luego de que Chedraui fue catalogado como \u201cfactor de unidad\u201d por el representante del Verde Ecologista para la competencia en 2027, el mandatario poblano asegur\u00f3 que por ahora toda la concentraci\u00f3n de los gobernantes debe estar en trabajar y hacerlo sin distingo, mientras se llegan los tiempos de elegir candidatos.<br>Rumbo a 2027 \u201clos tiempos definir\u00e1n\u201d, dice Chedraui tras reuni\u00f3n con diputado Escobar<br>El presidente municipal de Puebla afirm\u00f3 que por ahora solo est\u00e1 enfocado en trabajar para beneficio de la ciudad<br>Vamos a darle tiempo al proceso, que ser\u00e1 pr\u00e1cticamente a finales del pr\u00f3ximo a\u00f1o para no desviar de la enorme tarea que tenemos. Yo estoy seguro que Morena va a fortalecer su coalici\u00f3n con el Verde y yo soy un humilde militante de Morena, que gan\u00f3 gracias al Verde y al PT y solamente voy a estar pendiente de que las cosas caminen correctamente,<br>declar\u00f3 el titular del Ejecutivo.<br>Armenta agreg\u00f3 que, tal como en su momento lo expres\u00f3 el ex presidente Andr\u00e9s Manuel L\u00f3pez Obrador, quienes est\u00e9n interesados en participar por un cargo de elecci\u00f3n popular deben ponerse a trabajar, aplicarse y cumplir con sus obligaciones.<\/p>\n\n\n\n<p>Destaca baja del 50 por ciento en feminicidios<br>El gobernador dio a conocer que los feminicidios tuvieron una disminuci\u00f3n del 51.6 por ciento en el primer semestre de este a\u00f1o en comparaci\u00f3n con el mismo periodo del 2024, ya que los casos pasaron de 31 a 15. Atribuy\u00f3 la baja a las estrategias de seguridad implementadas, como la instalaci\u00f3n de las Casas Carmen Serd\u00e1n.<\/p>\n\n\n\n<p>Cuestionado sobre si la disminuci\u00f3n en los asesinatos de mujeres podr\u00eda permitir que a Puebla le sea retirada la alerta de g\u00e9nero que le fue impuesta desde el 2019, Armenta indic\u00f3 que lo importante es conseguir que los delitos contra el g\u00e9nero femenino contin\u00faen a la baja, independientemente de si existe o no un instrumento federal.<\/p>\n\n\n\n<p><br>Jos\u00e9 Chedraui oficializa su registro en Morena<br>Este 12 de agosto se dio a conocer la afiliaci\u00f3n del alcalde a casi 10 meses de gobernar la capital poblana bajo las siglas del partido guinda<br>Para nosotros tener la alerta es bueno, yo promov\u00ed la alerta de g\u00e9nero cuando era diputado federal y para nosotros lo m\u00e1s importante es disminuir, si se retira o no la alerta de g\u00e9nero nosotros vamos a mantener nuestra estrategia de seguridad,<br>expuso.<\/p>\n\n\n\n<p>Por lo anterior, asegur\u00f3 que se incrementar\u00e1n las jornadas por la paz en diversas regiones del estado y se promover\u00e1 la instalaci\u00f3n de c\u00e1maras de videovigilancia en la zona metropolitana como estrategia de seguridad.<\/p>\n","protected":false},"excerpt":{"rendered":"<p>El gobernador Alejandro Armenta Mier pidi\u00f3 a los interesados en ser candidatos a la presidencia municipal de Puebla en 2027 concentrarse en trabajar y esperar los tiempos electorales, luego de que el pasado fin de semana Arturo Escobar y Vega, consejero nacional del Partido Verde Ecologista de M\u00e9xico (PVEM) dio su respaldo al actual edil, [&hellip;]<\/p>\n","protected":false},"author":4,"featured_media":66929,"comment_status":"open","ping_status":"open","sticky":false,"template":"","format":"standard","meta":{"om_disable_all_campaigns":false,"_monsterinsights_skip_tracking":false,"_monsterinsights_sitenote_active":false,"_monsterinsights_sitenote_note":"","_monsterinsights_sitenote_category":0,"footnotes":""},"categories":[5],"tags":[239,223],"class_list":["post-66928","post","type-post","status-publish","format-standard","has-post-thumbnail","hentry","category-politica","tag-gobierno","tag-puebla"],"amp_enabled":true,"_links":{"self":[{"href":"https:\/\/lahora.mx\/index.php\/wp-json\/wp\/v2\/posts\/66928","targetHints":{"allow":["GET"]}}],"collection":[{"href":"https:\/\/lahora.mx\/index.php\/wp-json\/wp\/v2\/posts"}],"about":[{"href":"https:\/\/lahora.mx\/index.php\/wp-json\/wp\/v2\/types\/post"}],"author":[{"embeddable":true,"href":"https:\/\/lahora.mx\/index.php\/wp-json\/wp\/v2\/users\/4"}],"replies":[{"embeddable":true,"href":"https:\/\/lahora.mx\/index.php\/wp-json\/wp\/v2\/comments?post=66928"}],"version-history":[{"count":1,"href":"https:\/\/lahora.mx\/index.php\/wp-json\/wp\/v2\/posts\/66928\/revisions"}],"predecessor-version":[{"id":66930,"href":"https:\/\/lahora.mx\/index.php\/wp-json\/wp\/v2\/posts\/66928\/revisions\/66930"}],"wp:featuredmedia":[{"embeddable":true,"href":"https:\/\/lahora.mx\/index.php\/wp-json\/wp\/v2\/media\/66929"}],"wp:attachment":[{"href":"https:\/\/lahora.mx\/index.php\/wp-json\/wp\/v2\/media?parent=66928"}],"wp:term":[{"taxonomy":"category","embeddable":true,"href":"https:\/\/lahora.mx\/index.php\/wp-json\/wp\/v2\/categories?post=66928"},{"taxonomy":"post_tag","embeddable":true,"href":"https:\/\/lahora.mx\/index.php\/wp-json\/wp\/v2\/tags?post=66928"}],"curies":[{"name":"wp","href":"https:\/\/api.w.org\/{rel}","templated":true}]}}