{"id":6691,"date":"2022-05-09T23:14:33","date_gmt":"2022-05-09T23:14:33","guid":{"rendered":"http:\/\/lahora.mx\/?p=6691"},"modified":"2022-05-09T23:15:17","modified_gmt":"2022-05-09T23:15:17","slug":"detiene-fge-a-edil-de-acatlan-y-lo-vinculan-con-la-ejecucion-del-secretario-de-seguridad-publica","status":"publish","type":"post","link":"https:\/\/lahora.mx\/index.php\/2022\/05\/09\/detiene-fge-a-edil-de-acatlan-y-lo-vinculan-con-la-ejecucion-del-secretario-de-seguridad-publica\/","title":{"rendered":"Detiene FGE a edil de Acatl\u00e1n y es vinculado con la ejecuci\u00f3n del secretario de seguridad p\u00fablica"},"content":{"rendered":"\n<p><strong>Arturo Cajica G\u00f3mez,<\/strong>&nbsp;presidente municipal de&nbsp;<strong>Acatl\u00e1n de Osorio f<\/strong>ue detenido por la Fiscal\u00eda General del Estado (<strong>FGE<\/strong>) a pr\u00e1cticamente veite d\u00edas de que su director de la Polic\u00eda Municipal, H\u00e9ctor Garc\u00eda \u00c1lvarez y su esposa Guadalupe Campos fueran emboscados y ejecutados debido a que presuntamente este mando policiaco estuviera vinculado a actividades delictivas.<\/p>\n\n\n\n<p>Fue esta tarde cuando&nbsp;<strong>Cajica G\u00f3mez<\/strong>&nbsp;fue asegurado por agentes ministeriales, vinculando asi con la ejecuci\u00f3n con la ejecuci\u00f3n de H\u00e9ctor Garc\u00eda \u00c1lvarez ocurrida la noche del pasado 22 de abril.<\/p>\n\n\n\n<p>Cabe recordar que, tras la ejecuci\u00f3n del director de la<strong>&nbsp;Polic\u00eda Municipal de Acatl\u00e1n de Osorio<\/strong>, un total de 27 polic\u00edas fueron asegurados, de los cuales 24 fueron vinculados a proceso por los delitos de usurpaci\u00f3n de funciones y uso indebido de condecoraciones.<br><\/p>\n","protected":false},"excerpt":{"rendered":"<p>Arturo Cajica G\u00f3mez,&nbsp;presidente municipal de&nbsp;Acatl\u00e1n de Osorio fue detenido por la Fiscal\u00eda General del Estado (FGE) a pr\u00e1cticamente veite d\u00edas de que su director de la Polic\u00eda Municipal, H\u00e9ctor Garc\u00eda \u00c1lvarez y su esposa Guadalupe Campos fueran emboscados y ejecutados debido a que presuntamente este mando policiaco estuviera vinculado a actividades delictivas. Fue esta tarde [&hellip;]<\/p>\n","protected":false},"author":4,"featured_media":6692,"comment_status":"open","ping_status":"open","sticky":false,"template":"","format":"standard","meta":{"om_disable_all_campaigns":false,"_monsterinsights_skip_tracking":false,"_monsterinsights_sitenote_active":false,"_monsterinsights_sitenote_note":"","_monsterinsights_sitenote_category":0,"footnotes":""},"categories":[226],"tags":[223],"class_list":["post-6691","post","type-post","status-publish","format-standard","has-post-thumbnail","hentry","category-policia","tag-puebla"],"amp_enabled":true,"_links":{"self":[{"href":"https:\/\/lahora.mx\/index.php\/wp-json\/wp\/v2\/posts\/6691","targetHints":{"allow":["GET"]}}],"collection":[{"href":"https:\/\/lahora.mx\/index.php\/wp-json\/wp\/v2\/posts"}],"about":[{"href":"https:\/\/lahora.mx\/index.php\/wp-json\/wp\/v2\/types\/post"}],"author":[{"embeddable":true,"href":"https:\/\/lahora.mx\/index.php\/wp-json\/wp\/v2\/users\/4"}],"replies":[{"embeddable":true,"href":"https:\/\/lahora.mx\/index.php\/wp-json\/wp\/v2\/comments?post=6691"}],"version-history":[{"count":2,"href":"https:\/\/lahora.mx\/index.php\/wp-json\/wp\/v2\/posts\/6691\/revisions"}],"predecessor-version":[{"id":6694,"href":"https:\/\/lahora.mx\/index.php\/wp-json\/wp\/v2\/posts\/6691\/revisions\/6694"}],"wp:featuredmedia":[{"embeddable":true,"href":"https:\/\/lahora.mx\/index.php\/wp-json\/wp\/v2\/media\/6692"}],"wp:attachment":[{"href":"https:\/\/lahora.mx\/index.php\/wp-json\/wp\/v2\/media?parent=6691"}],"wp:term":[{"taxonomy":"category","embeddable":true,"href":"https:\/\/lahora.mx\/index.php\/wp-json\/wp\/v2\/categories?post=6691"},{"taxonomy":"post_tag","embeddable":true,"href":"https:\/\/lahora.mx\/index.php\/wp-json\/wp\/v2\/tags?post=6691"}],"curies":[{"name":"wp","href":"https:\/\/api.w.org\/{rel}","templated":true}]}}