{"id":66900,"date":"2025-08-18T16:38:07","date_gmt":"2025-08-18T16:38:07","guid":{"rendered":"https:\/\/lahora.mx\/?p=66900"},"modified":"2025-08-18T16:38:08","modified_gmt":"2025-08-18T16:38:08","slug":"la-28-de-octubre-marcha-en-puebla-esta-manana","status":"publish","type":"post","link":"https:\/\/lahora.mx\/index.php\/2025\/08\/18\/la-28-de-octubre-marcha-en-puebla-esta-manana\/","title":{"rendered":"La 28 de Octubre marcha en Puebla esta ma\u00f1ana"},"content":{"rendered":"\n<p>La organizaci\u00f3n 28 de Octubre llevar\u00e1 a cabo una movilizaci\u00f3n este lunes en la ciudad de Puebla. De acuerdo con la convocatoria, los integrantes del movimiento se concentrar\u00edan a las 8:00 de la ma\u00f1ana en el Bulevar Norte, para iniciar la marcha a las 9:00 horas.<br><br>El recorrido anunciado contempla avanzar por Bulevar Norte, 11 Norte, Avenida Reforma y Palacio Municipal, donde se realizar\u00e1 un mitin. Posteriormente continuar\u00e1 hacia Juan de Palafox, Bulevar 5 de Mayo y 14 Oriente, con destino final en Casa Aguayo, sede del Gobierno del Estado.<\/p>\n\n\n\n<p>Los manifestantes exigen justicia para Areli, as\u00ed como la realizaci\u00f3n de una audiencia con el Gobernador de Puebla. La dirigencia de la organizaci\u00f3n se\u00f1al\u00f3 que mantendr\u00e1n su exigencia hasta ser escuchados, subrayando que se trata de una demanda prioritaria para la base del movimiento.<\/p>\n\n\n\n<p>Se prev\u00e9 que la movilizaci\u00f3n afecte la circulaci\u00f3n en distintas vialidades del Centro Hist\u00f3rico y zonas aleda\u00f1as, por lo que autoridades recomendaron a los automovilistas tomar precauciones y considerar rutas alternas.<\/p>\n\n\n\n<p>La tarde del pasado viernes se registr\u00f3 una ri\u00f1a armada en el Estadio Cuauht\u00e9moc, ubicado en la colonia Maravillas, que dej\u00f3 como saldo una mujer muerta y un joven herido. Las v\u00edctimas fueron identificadas como Areli Ruiz, de 30 a\u00f1os, integrante de la Uni\u00f3n Popular de Vendedores Ambulantes (UPVA) 28 de Octubre, y Pedro Varela, de 18 a\u00f1os, quien sufri\u00f3 una lesi\u00f3n en el t\u00f3rax y permanece hospitalizado en estado reservado.<\/p>\n","protected":false},"excerpt":{"rendered":"<p>La organizaci\u00f3n 28 de Octubre llevar\u00e1 a cabo una movilizaci\u00f3n este lunes en la ciudad de Puebla. De acuerdo con la convocatoria, los integrantes del movimiento se concentrar\u00edan a las 8:00 de la ma\u00f1ana en el Bulevar Norte, para iniciar la marcha a las 9:00 horas. El recorrido anunciado contempla avanzar por Bulevar Norte, 11 [&hellip;]<\/p>\n","protected":false},"author":4,"featured_media":66901,"comment_status":"open","ping_status":"open","sticky":false,"template":"","format":"standard","meta":{"om_disable_all_campaigns":false,"_monsterinsights_skip_tracking":false,"_monsterinsights_sitenote_active":false,"_monsterinsights_sitenote_note":"","_monsterinsights_sitenote_category":0,"footnotes":""},"categories":[175],"tags":[195,223],"class_list":["post-66900","post","type-post","status-publish","format-standard","has-post-thumbnail","hentry","category-local","tag-principal","tag-puebla"],"amp_enabled":true,"_links":{"self":[{"href":"https:\/\/lahora.mx\/index.php\/wp-json\/wp\/v2\/posts\/66900","targetHints":{"allow":["GET"]}}],"collection":[{"href":"https:\/\/lahora.mx\/index.php\/wp-json\/wp\/v2\/posts"}],"about":[{"href":"https:\/\/lahora.mx\/index.php\/wp-json\/wp\/v2\/types\/post"}],"author":[{"embeddable":true,"href":"https:\/\/lahora.mx\/index.php\/wp-json\/wp\/v2\/users\/4"}],"replies":[{"embeddable":true,"href":"https:\/\/lahora.mx\/index.php\/wp-json\/wp\/v2\/comments?post=66900"}],"version-history":[{"count":1,"href":"https:\/\/lahora.mx\/index.php\/wp-json\/wp\/v2\/posts\/66900\/revisions"}],"predecessor-version":[{"id":66902,"href":"https:\/\/lahora.mx\/index.php\/wp-json\/wp\/v2\/posts\/66900\/revisions\/66902"}],"wp:featuredmedia":[{"embeddable":true,"href":"https:\/\/lahora.mx\/index.php\/wp-json\/wp\/v2\/media\/66901"}],"wp:attachment":[{"href":"https:\/\/lahora.mx\/index.php\/wp-json\/wp\/v2\/media?parent=66900"}],"wp:term":[{"taxonomy":"category","embeddable":true,"href":"https:\/\/lahora.mx\/index.php\/wp-json\/wp\/v2\/categories?post=66900"},{"taxonomy":"post_tag","embeddable":true,"href":"https:\/\/lahora.mx\/index.php\/wp-json\/wp\/v2\/tags?post=66900"}],"curies":[{"name":"wp","href":"https:\/\/api.w.org\/{rel}","templated":true}]}}