{"id":66897,"date":"2025-08-18T16:36:41","date_gmt":"2025-08-18T16:36:41","guid":{"rendered":"https:\/\/lahora.mx\/?p=66897"},"modified":"2025-08-18T16:36:41","modified_gmt":"2025-08-18T16:36:41","slug":"puebla-destinara-200-mdp-en-proyectos-de-tecnologia-del-plan-mexico-armenta","status":"publish","type":"post","link":"https:\/\/lahora.mx\/index.php\/2025\/08\/18\/puebla-destinara-200-mdp-en-proyectos-de-tecnologia-del-plan-mexico-armenta\/","title":{"rendered":"Puebla destinar\u00e1 200 mdp. en proyectos de tecnolog\u00eda del Plan M\u00e9xico: Armenta"},"content":{"rendered":"\n<p><strong>El gobernador del estado de Puebla, Alejandro Armenta Mier, dio a conocer que en este 2025<\/strong>, su administraci\u00f3n destinar\u00e1 200 millones de pesos para el desarrollo de 14 proyectos tecnol\u00f3gicos en los que participar\u00e1 en el \u00e1mbito nivel nacional.<br><br>Lo anterior fue confirmado durante la Ma\u00f1anera de este lunes 18 de agosto, quien detall\u00f3 que dicho proyecto forma parte del Plan M\u00e9xico impulsado por el Gobierno Federal, en colaboraci\u00f3n con el Gobierno Estatal.<\/p>\n\n\n\n<p>Apunt\u00f3 que dichos proyectos buscan fortalecer la innovaci\u00f3n, el desarrollo y la modernizaci\u00f3n de la entidad, impulsando el crecimiento econ\u00f3mico y social a trav\u00e9s de la ciencia y la tecnolog\u00eda.<\/p>\n\n\n\n<p>Apunt\u00f3 que con estos 200 millones el estado va a poder participar en estos proyectos. \u201cQu\u00e9 podemos comparar, el Museo Barroco, que a algunos le sale urticaria a algunos, a lo mejor por la complicidad y tan calladitos que estaba\u201d.<\/p>\n\n\n\n<p>Destacan: Kutsari, la producci\u00f3n del veh\u00edculo el\u00e9ctrico Olinia, la Universidad Rosario Castellanos el Telescopio Milim\u00e9trico entre otros. Agreg\u00f3 que actualmente est\u00e1n en espera de la confirmaci\u00f3n para participar en el desarrollo de maquinaria especializada en instrumentos m\u00e9dicos<\/p>\n\n\n\n<p>Por tal motivo, destac\u00f3 que con tan solo 200 millones de pesos est\u00e1n haciendo m\u00e1s contra 14 mil millones de pesos que iba a costar el Museo Barroco.<\/p>\n\n\n\n<p>\u201cLe ahorramos en medio a\u00f1o de nuestro Gobierno a ustedes poblanos, empresarios, les ahorramos ocho mil millones de pesos\u201d, sostuvo Alejandro Armenta.<\/p>\n\n\n\n<p>Cabe destacar que dichos proyectos se enmarcan dentro del Plan M\u00e9xico, una iniciativa nacional que busca impulsar la ciencia y la tecnolog\u00eda en el pa\u00eds, los cuales se centran en la innovaci\u00f3n, el desarrollo y la modernizaci\u00f3n del estado, con el objetivo de generar un impacto positivo en el crecimiento econ\u00f3mico y social de Puebla.<\/p>\n","protected":false},"excerpt":{"rendered":"<p>El gobernador del estado de Puebla, Alejandro Armenta Mier, dio a conocer que en este 2025, su administraci\u00f3n destinar\u00e1 200 millones de pesos para el desarrollo de 14 proyectos tecnol\u00f3gicos en los que participar\u00e1 en el \u00e1mbito nivel nacional. Lo anterior fue confirmado durante la Ma\u00f1anera de este lunes 18 de agosto, quien detall\u00f3 que [&hellip;]<\/p>\n","protected":false},"author":4,"featured_media":66898,"comment_status":"open","ping_status":"open","sticky":false,"template":"","format":"standard","meta":{"om_disable_all_campaigns":false,"_monsterinsights_skip_tracking":false,"_monsterinsights_sitenote_active":false,"_monsterinsights_sitenote_note":"","_monsterinsights_sitenote_category":0,"footnotes":""},"categories":[175],"tags":[239,223],"class_list":["post-66897","post","type-post","status-publish","format-standard","has-post-thumbnail","hentry","category-local","tag-gobierno","tag-puebla"],"amp_enabled":true,"_links":{"self":[{"href":"https:\/\/lahora.mx\/index.php\/wp-json\/wp\/v2\/posts\/66897","targetHints":{"allow":["GET"]}}],"collection":[{"href":"https:\/\/lahora.mx\/index.php\/wp-json\/wp\/v2\/posts"}],"about":[{"href":"https:\/\/lahora.mx\/index.php\/wp-json\/wp\/v2\/types\/post"}],"author":[{"embeddable":true,"href":"https:\/\/lahora.mx\/index.php\/wp-json\/wp\/v2\/users\/4"}],"replies":[{"embeddable":true,"href":"https:\/\/lahora.mx\/index.php\/wp-json\/wp\/v2\/comments?post=66897"}],"version-history":[{"count":1,"href":"https:\/\/lahora.mx\/index.php\/wp-json\/wp\/v2\/posts\/66897\/revisions"}],"predecessor-version":[{"id":66899,"href":"https:\/\/lahora.mx\/index.php\/wp-json\/wp\/v2\/posts\/66897\/revisions\/66899"}],"wp:featuredmedia":[{"embeddable":true,"href":"https:\/\/lahora.mx\/index.php\/wp-json\/wp\/v2\/media\/66898"}],"wp:attachment":[{"href":"https:\/\/lahora.mx\/index.php\/wp-json\/wp\/v2\/media?parent=66897"}],"wp:term":[{"taxonomy":"category","embeddable":true,"href":"https:\/\/lahora.mx\/index.php\/wp-json\/wp\/v2\/categories?post=66897"},{"taxonomy":"post_tag","embeddable":true,"href":"https:\/\/lahora.mx\/index.php\/wp-json\/wp\/v2\/tags?post=66897"}],"curies":[{"name":"wp","href":"https:\/\/api.w.org\/{rel}","templated":true}]}}