{"id":66891,"date":"2025-08-18T16:04:42","date_gmt":"2025-08-18T16:04:42","guid":{"rendered":"https:\/\/lahora.mx\/?p=66891"},"modified":"2025-08-18T16:04:42","modified_gmt":"2025-08-18T16:04:42","slug":"detienen-al-padre-de-el-bucanas-objetivo-prioritario-en-puebla-y-veracruz-por-asaltos-a-transporte-de-carga","status":"publish","type":"post","link":"https:\/\/lahora.mx\/index.php\/2025\/08\/18\/detienen-al-padre-de-el-bucanas-objetivo-prioritario-en-puebla-y-veracruz-por-asaltos-a-transporte-de-carga\/","title":{"rendered":"Detienen al padre de \u2018el Bucanas\u2019, objetivo prioritario en Puebla y Veracruz por asaltos a transporte de carga"},"content":{"rendered":"\n<p>La Fiscal\u00eda General del Estado de Veracruz inform\u00f3 que, fue detenido Francisco \u201cN\u201d, padre del l\u00edder delictivo conocido como \u201cEl Bucanas\u201d, considerado un objetivo prioritario en los municipios de Acultzingo y Maltrata, por su presunta responsabilidad en el delito de homicidio doloso calificado, y objetivo principal de los estados de Veracruz y Puebla por los asaltos de transporte de carga pesada en la autopista Puebla-Orizaba.<\/p>\n\n\n\n<p>El imputado fue presentado ante un juez de control en audiencia inicial, donde la Fiscal\u00eda Regional de C\u00f3rdoba formul\u00f3 la imputaci\u00f3n correspondiente. Tras la exposici\u00f3n de los hechos y los datos de prueba, la autoridad judicial determin\u00f3 imponer la medida cautelar de prisi\u00f3n preventiva oficiosa, por lo que Francisco \u201cN\u201d permanecer\u00e1 privado de su libertad mientras se desarrolla el proceso penal 151\/2025.<\/p>\n\n\n\n<p>De acuerdo con las investigaciones, el crimen se registr\u00f3 el 28 de noviembre del 2022 en inmediaciones de un establecimiento comercial ubicado en la colonia Centro de Maltrata. Ese d\u00eda, el imputado, presuntamente a bordo de una motocicleta, habr\u00eda accionado un arma de fuego contra la v\u00edctima, identificada como R.A.H., quien perdi\u00f3 la vida a consecuencia de las lesiones sufridas.<\/p>\n\n\n\n<p>Cabe se\u00f1alar que, Francisco \u201cN\u201d enfrenta adem\u00e1s otro proceso penal por el delito de sedici\u00f3n, lo que refuerza su calidad de objetivo de alto impacto para las autoridades de seguridad en la regi\u00f3n centro del estado.<\/p>\n","protected":false},"excerpt":{"rendered":"<p>La Fiscal\u00eda General del Estado de Veracruz inform\u00f3 que, fue detenido Francisco \u201cN\u201d, padre del l\u00edder delictivo conocido como \u201cEl Bucanas\u201d, considerado un objetivo prioritario en los municipios de Acultzingo y Maltrata, por su presunta responsabilidad en el delito de homicidio doloso calificado, y objetivo principal de los estados de Veracruz y Puebla por los [&hellip;]<\/p>\n","protected":false},"author":4,"featured_media":66892,"comment_status":"open","ping_status":"open","sticky":false,"template":"","format":"standard","meta":{"om_disable_all_campaigns":false,"_monsterinsights_skip_tracking":false,"_monsterinsights_sitenote_active":false,"_monsterinsights_sitenote_note":"","_monsterinsights_sitenote_category":0,"footnotes":""},"categories":[175,226],"tags":[223],"class_list":["post-66891","post","type-post","status-publish","format-standard","has-post-thumbnail","hentry","category-local","category-policia","tag-puebla"],"amp_enabled":true,"_links":{"self":[{"href":"https:\/\/lahora.mx\/index.php\/wp-json\/wp\/v2\/posts\/66891","targetHints":{"allow":["GET"]}}],"collection":[{"href":"https:\/\/lahora.mx\/index.php\/wp-json\/wp\/v2\/posts"}],"about":[{"href":"https:\/\/lahora.mx\/index.php\/wp-json\/wp\/v2\/types\/post"}],"author":[{"embeddable":true,"href":"https:\/\/lahora.mx\/index.php\/wp-json\/wp\/v2\/users\/4"}],"replies":[{"embeddable":true,"href":"https:\/\/lahora.mx\/index.php\/wp-json\/wp\/v2\/comments?post=66891"}],"version-history":[{"count":1,"href":"https:\/\/lahora.mx\/index.php\/wp-json\/wp\/v2\/posts\/66891\/revisions"}],"predecessor-version":[{"id":66893,"href":"https:\/\/lahora.mx\/index.php\/wp-json\/wp\/v2\/posts\/66891\/revisions\/66893"}],"wp:featuredmedia":[{"embeddable":true,"href":"https:\/\/lahora.mx\/index.php\/wp-json\/wp\/v2\/media\/66892"}],"wp:attachment":[{"href":"https:\/\/lahora.mx\/index.php\/wp-json\/wp\/v2\/media?parent=66891"}],"wp:term":[{"taxonomy":"category","embeddable":true,"href":"https:\/\/lahora.mx\/index.php\/wp-json\/wp\/v2\/categories?post=66891"},{"taxonomy":"post_tag","embeddable":true,"href":"https:\/\/lahora.mx\/index.php\/wp-json\/wp\/v2\/tags?post=66891"}],"curies":[{"name":"wp","href":"https:\/\/api.w.org\/{rel}","templated":true}]}}