{"id":66876,"date":"2025-08-18T00:02:24","date_gmt":"2025-08-18T00:02:24","guid":{"rendered":"https:\/\/lahora.mx\/?p=66876"},"modified":"2025-08-18T00:02:25","modified_gmt":"2025-08-18T00:02:25","slug":"el-zocalo-de-puebla-se-llena-de-huesudas","status":"publish","type":"post","link":"https:\/\/lahora.mx\/index.php\/2025\/08\/18\/el-zocalo-de-puebla-se-llena-de-huesudas\/","title":{"rendered":"El Z\u00f3calo de Puebla se llena de huesudas"},"content":{"rendered":"\n<p>Algunas piezas de la exposici\u00f3n \u00abMe Lleva la Huesuda\u00bb se exhiben en el Z\u00f3calo de la ciudad de Puebla y la calle 16 de Septiembre para anunciar el \u201cFestival Mictl\u00e1n el Encuentro de las Almas\u201d.<br><br>Dicho evento se realizar\u00e1 el 23 y 24 de agosto en la Casa de la Cultura, evento gratuito que ofrecer\u00e1 diferentes talleres, conferencias, venta de arte, exposiciones, m\u00fasica y m\u00e1s.<\/p>\n\n\n\n<p>Es as\u00ed que la exposici\u00f3n \u201cMe Lleva la Huesuda\u201d es una exposici\u00f3n de calaveras aut\u00e9nticas, esta colecci\u00f3n est\u00e1 intervenida por talentosos artistas locales.<\/p>\n\n\n\n<p>El Festival Mictl\u00e1n (El encuentro de las Almas) se realizar\u00e1 en Casa de Cultura Puebla (avenida 5 Oriente No. 5, Centro Hist\u00f3rico de Puebla. La cita es el 23 y 24 de agosto 2025 de las 11:00 a las 18:00 horas (ambos d\u00edas). \u00a1Llega 15 min antes para asegurar tu lugar!<\/p>\n\n\n\n<p>\u00bfC\u00f3mo participar? \u00a1Es f\u00e1cil! Env\u00eda un WhatsApp al 22 02 90 95 08 con:<\/p>\n\n\n\n<ul class=\"wp-block-list\">\n<li>Tu nombre.<\/li>\n\n\n\n<li>La conferencia que quieres disfrutar.<\/li>\n\n\n\n<li>Importante:<\/li>\n\n\n\n<li>Todas las conferencias son presenciales (planta alta de Casa de Cultura).<\/li>\n\n\n\n<li>Habr\u00e1 personal de staff para resolver tus dudas en la entrada.<\/li>\n<\/ul>\n\n\n\n<p>Adem\u00e1s de las conferencias, vive una experiencia completa con talleres gratuitos donde podr\u00e1s crear con tus propias manos, m\u00fasica en vivo que har\u00e1 vibrar el lugar, arte en tiempo real frente a tus ojos y m\u00e1s de 150 expositores con productos \u00fanicos y 100% originales.<\/p>\n\n\n\n<p><\/p>\n","protected":false},"excerpt":{"rendered":"<p>Algunas piezas de la exposici\u00f3n \u00abMe Lleva la Huesuda\u00bb se exhiben en el Z\u00f3calo de la ciudad de Puebla y la calle 16 de Septiembre para anunciar el \u201cFestival Mictl\u00e1n el Encuentro de las Almas\u201d. Dicho evento se realizar\u00e1 el 23 y 24 de agosto en la Casa de la Cultura, evento gratuito que ofrecer\u00e1 [&hellip;]<\/p>\n","protected":false},"author":4,"featured_media":66877,"comment_status":"open","ping_status":"open","sticky":false,"template":"","format":"standard","meta":{"om_disable_all_campaigns":false,"_monsterinsights_skip_tracking":false,"_monsterinsights_sitenote_active":false,"_monsterinsights_sitenote_note":"","_monsterinsights_sitenote_category":0,"footnotes":""},"categories":[175],"tags":[],"class_list":["post-66876","post","type-post","status-publish","format-standard","has-post-thumbnail","hentry","category-local"],"amp_enabled":true,"_links":{"self":[{"href":"https:\/\/lahora.mx\/index.php\/wp-json\/wp\/v2\/posts\/66876","targetHints":{"allow":["GET"]}}],"collection":[{"href":"https:\/\/lahora.mx\/index.php\/wp-json\/wp\/v2\/posts"}],"about":[{"href":"https:\/\/lahora.mx\/index.php\/wp-json\/wp\/v2\/types\/post"}],"author":[{"embeddable":true,"href":"https:\/\/lahora.mx\/index.php\/wp-json\/wp\/v2\/users\/4"}],"replies":[{"embeddable":true,"href":"https:\/\/lahora.mx\/index.php\/wp-json\/wp\/v2\/comments?post=66876"}],"version-history":[{"count":1,"href":"https:\/\/lahora.mx\/index.php\/wp-json\/wp\/v2\/posts\/66876\/revisions"}],"predecessor-version":[{"id":66878,"href":"https:\/\/lahora.mx\/index.php\/wp-json\/wp\/v2\/posts\/66876\/revisions\/66878"}],"wp:featuredmedia":[{"embeddable":true,"href":"https:\/\/lahora.mx\/index.php\/wp-json\/wp\/v2\/media\/66877"}],"wp:attachment":[{"href":"https:\/\/lahora.mx\/index.php\/wp-json\/wp\/v2\/media?parent=66876"}],"wp:term":[{"taxonomy":"category","embeddable":true,"href":"https:\/\/lahora.mx\/index.php\/wp-json\/wp\/v2\/categories?post=66876"},{"taxonomy":"post_tag","embeddable":true,"href":"https:\/\/lahora.mx\/index.php\/wp-json\/wp\/v2\/tags?post=66876"}],"curies":[{"name":"wp","href":"https:\/\/api.w.org\/{rel}","templated":true}]}}