{"id":66855,"date":"2025-08-17T16:42:17","date_gmt":"2025-08-17T16:42:17","guid":{"rendered":"https:\/\/lahora.mx\/?p=66855"},"modified":"2025-08-17T16:42:18","modified_gmt":"2025-08-17T16:42:18","slug":"pronostican-lluvias-por-la-tarde-en-puebla-capital-este-domingo","status":"publish","type":"post","link":"https:\/\/lahora.mx\/index.php\/2025\/08\/17\/pronostican-lluvias-por-la-tarde-en-puebla-capital-este-domingo\/","title":{"rendered":"Pronostican lluvias por la tarde en Puebla capital este domingo"},"content":{"rendered":"\n<p>El Gobierno de la Ciudad informa que con base al Servicio Meteorol\u00f3gico Nacional (SMN)y de la Comisi\u00f3n Nacional del Agua (CNA), se prev\u00e9 un d\u00eda mayormente nublado, con alta probabilidad de lluvias por la tarde. Se estima una acumulaci\u00f3n aproximada de 5 mm entre las 17:00 &#8211; 20:00 horas. Las temperaturas oscilar\u00e1n entre una m\u00e1xima de 24\u00b0C y una m\u00ednima de 12\u00b0C. Por lo que se mantiene activo el \u00edndice UV en nivel extremo, por lo que se recomienda evitar la exposici\u00f3n prolongada al sol y utilizar bloqueadores con Factor de Protecci\u00f3n Solar altos (FPS) a fin de evitar quemaduras solares en piel. La calidad del aire se reporta como buena sin riesgos para la salud.<\/p>\n\n\n\n<p>Se recuerda que las lluvias pueden provocar encharcamientos severos, anegaciones o inundaciones de agua en algunas zonas de la ciudad, por lo que se exhorta a la poblaci\u00f3n a tomar medidas preventivas.<\/p>\n\n\n\n<p>Ante la presencia de fen\u00f3menos hidrometeorol\u00f3gicos, es fundamental que la ciudadan\u00eda tome medidas preventivas para reducir riesgos. Se recomienda evitar transitar por calles anegadas o zonas con historial de inundaciones, ya que representan un peligro para peatones y veh\u00edculos. Es importante tambi\u00e9n revisar y mantener limpias las coladeras y desag\u00fces en el hogar, con el fin de evitar obstrucciones que puedan agravar los efectos de la lluvia. Asimismo, se sugiere tener lista una mochila de emergencia que contenga documentos importantes, insumos b\u00e1sicos, agua, alimentos no perecederos, linterna y un botiqu\u00edn, para estar preparados ante cualquier situaci\u00f3n de evacuaci\u00f3n o contingencia.<\/p>\n\n\n\n<p>En cuanto a la actividad volc\u00e1nica, el Centro Nacional de Prevenci\u00f3n de Desastres (CENAPRED) informa que el sem\u00e1foro volc\u00e1nico se mantiene en Amarillo Fase 2, lo que indica actividad continua con posibilidad de explosiones menores que arrojan fragmentos incandescentes. Se hace un llamado a la poblaci\u00f3n y al turismo a no acercarse al cr\u00e1ter ni ingresar al radio de exclusi\u00f3n de 12 kil\u00f3metros, ya que representa un riesgo para la integridad f\u00edsica. En caso de lluvias intensas, se recomienda no permanecer en barrancas ni cauces cercanos, debido al peligro de flujos de lodo y escombro.<\/p>\n\n\n\n<p>Se invita a la ciudadan\u00eda a mantenerse informada a trav\u00e9s de los canales oficiales y a seguir las indicaciones de las autoridades correspondientes para proteger su seguridad y la de sus familias para mantener una capital en orden.<\/p>\n","protected":false},"excerpt":{"rendered":"<p>El Gobierno de la Ciudad informa que con base al Servicio Meteorol\u00f3gico Nacional (SMN)y de la Comisi\u00f3n Nacional del Agua (CNA), se prev\u00e9 un d\u00eda mayormente nublado, con alta probabilidad de lluvias por la tarde. Se estima una acumulaci\u00f3n aproximada de 5 mm entre las 17:00 &#8211; 20:00 horas. Las temperaturas oscilar\u00e1n entre una m\u00e1xima [&hellip;]<\/p>\n","protected":false},"author":4,"featured_media":66856,"comment_status":"open","ping_status":"open","sticky":false,"template":"","format":"standard","meta":{"om_disable_all_campaigns":false,"_monsterinsights_skip_tracking":false,"_monsterinsights_sitenote_active":false,"_monsterinsights_sitenote_note":"","_monsterinsights_sitenote_category":0,"footnotes":""},"categories":[175],"tags":[195,223],"class_list":["post-66855","post","type-post","status-publish","format-standard","has-post-thumbnail","hentry","category-local","tag-principal","tag-puebla"],"amp_enabled":true,"_links":{"self":[{"href":"https:\/\/lahora.mx\/index.php\/wp-json\/wp\/v2\/posts\/66855","targetHints":{"allow":["GET"]}}],"collection":[{"href":"https:\/\/lahora.mx\/index.php\/wp-json\/wp\/v2\/posts"}],"about":[{"href":"https:\/\/lahora.mx\/index.php\/wp-json\/wp\/v2\/types\/post"}],"author":[{"embeddable":true,"href":"https:\/\/lahora.mx\/index.php\/wp-json\/wp\/v2\/users\/4"}],"replies":[{"embeddable":true,"href":"https:\/\/lahora.mx\/index.php\/wp-json\/wp\/v2\/comments?post=66855"}],"version-history":[{"count":1,"href":"https:\/\/lahora.mx\/index.php\/wp-json\/wp\/v2\/posts\/66855\/revisions"}],"predecessor-version":[{"id":66857,"href":"https:\/\/lahora.mx\/index.php\/wp-json\/wp\/v2\/posts\/66855\/revisions\/66857"}],"wp:featuredmedia":[{"embeddable":true,"href":"https:\/\/lahora.mx\/index.php\/wp-json\/wp\/v2\/media\/66856"}],"wp:attachment":[{"href":"https:\/\/lahora.mx\/index.php\/wp-json\/wp\/v2\/media?parent=66855"}],"wp:term":[{"taxonomy":"category","embeddable":true,"href":"https:\/\/lahora.mx\/index.php\/wp-json\/wp\/v2\/categories?post=66855"},{"taxonomy":"post_tag","embeddable":true,"href":"https:\/\/lahora.mx\/index.php\/wp-json\/wp\/v2\/tags?post=66855"}],"curies":[{"name":"wp","href":"https:\/\/api.w.org\/{rel}","templated":true}]}}