{"id":6684,"date":"2022-05-09T23:01:55","date_gmt":"2022-05-09T23:01:55","guid":{"rendered":"http:\/\/lahora.mx\/?p=6684"},"modified":"2022-05-09T23:01:55","modified_gmt":"2022-05-09T23:01:55","slug":"construyendo-una-nueva-historia-beneficiara-a-400-familias-en-2022-de-tlaxcala","status":"publish","type":"post","link":"https:\/\/lahora.mx\/index.php\/2022\/05\/09\/construyendo-una-nueva-historia-beneficiara-a-400-familias-en-2022-de-tlaxcala\/","title":{"rendered":"\u201cConstruyendo una nueva historia\u201d beneficiar\u00e1 a 400 familias en 2022 de Tlaxcala"},"content":{"rendered":"\n<p><strong>La gobernadora Lorena Cu\u00e9llar Cisneros encabez\u00f3 el inicio de acciones del Programa Estatal de Vivienda 2022<\/strong>\u00a0\u201c<em>Construyendo una Nueva Historia<\/em>\u201d en el municipio de\u00a0<strong>Tetlatlahuca<\/strong>, donde<strong>\u00a0beneficiar\u00e1n a 25 familias con un hogar digno<\/strong><br><\/p>\n\n\n\n<p>En compa\u00f1\u00eda del titular de la&nbsp;<strong>Secretar\u00eda de Ordenamiento Territorial y Vivienda (SOTyV), Leonardo Uriarte Parra<\/strong>, la mandataria estatal visit\u00f3 la&nbsp;<strong>obra donde se construye la casa de la familia P\u00e9rez Z\u00e1rate, a quienes reconoci\u00f3 por su esfuerzo y constancia<\/strong>&nbsp;para contar con un patrimonio.<\/p>\n\n\n\n<p>Destac\u00f3 que con<strong>\u00a0el objetivo de abatir el rezago social y apoyar a la gente que m\u00e1s lo necesita<\/strong>, durante los primeros cuatro meses de su administraci\u00f3n\u00a0<strong>se edificaron 200 viviendas y para este a\u00f1o tiene como meta entregar 400 m\u00e1s.<\/strong><br>En su intervenci\u00f3n,\u00a0<strong>Uriarte Parra mencion\u00f3 que los 60 presidentes municipales atendieron el llamado del gobierno estatal para aportar el 40 por ciento de los recursos necesarios para la construcci\u00f3n de cada vivienda<\/strong>, la cual tiene un costo de 240 mil pesos.<br>Para el caso especific\u00f3 de Tetlatlahuca,<strong>\u00a0se ejecutar\u00e1n durante 2022 un total de 25 acciones que fueron canalizadas por el DIF municipal\u00a0<\/strong>y para lo cual se destinar\u00e1 una inversi\u00f3n de 6 millones de pesos.<br>A su vez,\u00a0<strong>el alcalde Juan Pablo Angulo Hern\u00e1ndez expres\u00f3 que Cu\u00e9llar Cisneros sigue con paso firme el ejemplo del presidente Andr\u00e9s Manuel L\u00f3pez Obrador de<\/strong>\u00a0\u201c<em>velar y tomar acciones reales por los sectores m\u00e1s vulnerables de la sociedad<\/em>\u201d.<br>En representaci\u00f3n de los beneficiados,\u00a0<strong>la se\u00f1ora Jaqueline Z\u00e1rate Mu\u00f1oz agradeci\u00f3 a la gobernara Lorena Cu\u00e9llar por apoyar al municipio\u00a0<\/strong>para que sus habitantes cuenten con un espacio digno donde vivir.<\/p>\n","protected":false},"excerpt":{"rendered":"<p>La gobernadora Lorena Cu\u00e9llar Cisneros encabez\u00f3 el inicio de acciones del Programa Estatal de Vivienda 2022\u00a0\u201cConstruyendo una Nueva Historia\u201d en el municipio de\u00a0Tetlatlahuca, donde\u00a0beneficiar\u00e1n a 25 familias con un hogar digno En compa\u00f1\u00eda del titular de la&nbsp;Secretar\u00eda de Ordenamiento Territorial y Vivienda (SOTyV), Leonardo Uriarte Parra, la mandataria estatal visit\u00f3 la&nbsp;obra donde se construye la [&hellip;]<\/p>\n","protected":false},"author":4,"featured_media":6685,"comment_status":"open","ping_status":"open","sticky":false,"template":"","format":"standard","meta":{"om_disable_all_campaigns":false,"_monsterinsights_skip_tracking":false,"_monsterinsights_sitenote_active":false,"_monsterinsights_sitenote_note":"","_monsterinsights_sitenote_category":0,"footnotes":""},"categories":[176],"tags":[210],"class_list":["post-6684","post","type-post","status-publish","format-standard","has-post-thumbnail","hentry","category-nacional","tag-tlaxcala"],"amp_enabled":true,"_links":{"self":[{"href":"https:\/\/lahora.mx\/index.php\/wp-json\/wp\/v2\/posts\/6684","targetHints":{"allow":["GET"]}}],"collection":[{"href":"https:\/\/lahora.mx\/index.php\/wp-json\/wp\/v2\/posts"}],"about":[{"href":"https:\/\/lahora.mx\/index.php\/wp-json\/wp\/v2\/types\/post"}],"author":[{"embeddable":true,"href":"https:\/\/lahora.mx\/index.php\/wp-json\/wp\/v2\/users\/4"}],"replies":[{"embeddable":true,"href":"https:\/\/lahora.mx\/index.php\/wp-json\/wp\/v2\/comments?post=6684"}],"version-history":[{"count":1,"href":"https:\/\/lahora.mx\/index.php\/wp-json\/wp\/v2\/posts\/6684\/revisions"}],"predecessor-version":[{"id":6686,"href":"https:\/\/lahora.mx\/index.php\/wp-json\/wp\/v2\/posts\/6684\/revisions\/6686"}],"wp:featuredmedia":[{"embeddable":true,"href":"https:\/\/lahora.mx\/index.php\/wp-json\/wp\/v2\/media\/6685"}],"wp:attachment":[{"href":"https:\/\/lahora.mx\/index.php\/wp-json\/wp\/v2\/media?parent=6684"}],"wp:term":[{"taxonomy":"category","embeddable":true,"href":"https:\/\/lahora.mx\/index.php\/wp-json\/wp\/v2\/categories?post=6684"},{"taxonomy":"post_tag","embeddable":true,"href":"https:\/\/lahora.mx\/index.php\/wp-json\/wp\/v2\/tags?post=6684"}],"curies":[{"name":"wp","href":"https:\/\/api.w.org\/{rel}","templated":true}]}}