{"id":66816,"date":"2025-08-15T23:37:57","date_gmt":"2025-08-15T23:37:57","guid":{"rendered":"https:\/\/lahora.mx\/?p=66816"},"modified":"2025-08-16T00:10:38","modified_gmt":"2025-08-16T00:10:38","slug":"en-yaonahuac-armenta-cumple-sueno-de-la-educacion-publica-en-salud-para-jovenes-indigenas","status":"publish","type":"post","link":"https:\/\/lahora.mx\/index.php\/2025\/08\/15\/en-yaonahuac-armenta-cumple-sueno-de-la-educacion-publica-en-salud-para-jovenes-indigenas\/","title":{"rendered":"En Yaon\u00e1huac, el gobernador Alejandro Armenta cumple sue\u00f1o de la educaci\u00f3n p\u00fablica en salud para j\u00f3venes ind\u00edgenas"},"content":{"rendered":"\n<p>Con el compromiso de impulsar el desarrollo educativo de j\u00f3venes de comunidades ind\u00edgenas, el gobernador de Puebla, Alejandro Armenta, llev\u00f3 a cabo la colocaci\u00f3n de la primera piedra de la Universidad de la Salud (USEP) en el municipio, cuya edificaci\u00f3n tendr\u00e1 una inversi\u00f3n de 46.8 millones de pesos.<\/p>\n\n\n\n<p>\u201cEs un sue\u00f1o hecho realidad\u00bb, as\u00ed lo se\u00f1al\u00f3 Enrique Lozano, originario de Teziutl\u00e1n y vecino de Yaon\u00e1huac, quien puntualiz\u00f3 que con dicha instituci\u00f3n se favorece a las y los j\u00f3venes de la regi\u00f3n, ya que existe una gran demanda por estudiar medicina.<\/p>\n\n\n\n<p>Ante m\u00e1s de 3 mil asistentes y enclavados en la Sierra Nororiental, el gobernador de Puebla, Alejandro Armenta, afirm\u00f3 que la Universidad de la Salud es un sue\u00f1o para las y los j\u00f3venes, as\u00ed como para los padres de familia. Dijo que con la descentralizaci\u00f3n de la USEP, el gobierno se acerca al pueblo y provee educaci\u00f3n, ya que se\u00f1al\u00f3, ninguna universidad debe cerrar las puertas a los quienes quieren estudiar y cumplir sus metas. \u00abCuando un joven sale, los padres venden todo, porque el sue\u00f1o es verlos progresar y darles la educaci\u00f3n\u00bb, afirm\u00f3.<\/p>\n\n\n\n<p>Explic\u00f3 que con las sedes en Tepexi de Rodr\u00edguez, Iz\u00facar de Matamoros y pr\u00f3ximamente en Zoquitl\u00e1n, los padres de familia tendr\u00e1n cerca a sus hijos con una de las carreras m\u00e1s solicitadas. \u00abPorque los m\u00e9dicos, las enfermeras y los especialistas en medicina procuran y salvan vidas\u00bb, enfatiz\u00f3 el mandatario, al tiempo de mencionar que est\u00e1n para cumplir los sue\u00f1os de muchos j\u00f3venes.<\/p>\n\n\n\n<figure class=\"wp-block-image size-full\"><img fetchpriority=\"high\" decoding=\"async\" width=\"828\" height=\"533\" src=\"https:\/\/lahora.mx\/wp-content\/uploads\/2025\/08\/Captura-de-Pantalla-2025-08-15-a-las-17.37.20.png\" alt=\"\" class=\"wp-image-66824\" srcset=\"https:\/\/lahora.mx\/wp-content\/uploads\/2025\/08\/Captura-de-Pantalla-2025-08-15-a-las-17.37.20.png 828w, https:\/\/lahora.mx\/wp-content\/uploads\/2025\/08\/Captura-de-Pantalla-2025-08-15-a-las-17.37.20-300x193.png 300w, https:\/\/lahora.mx\/wp-content\/uploads\/2025\/08\/Captura-de-Pantalla-2025-08-15-a-las-17.37.20-768x494.png 768w\" sizes=\"(max-width: 828px) 100vw, 828px\" \/><\/figure>\n\n\n\n<p><br>Al ser originario de ese municipio, el titular de la Secretar\u00eda de Educaci\u00f3n, Manuel Viveros, indic\u00f3 que con la universidad se otorga un importante apoyo a las familias, que se tienen que apretar el cintur\u00f3n para que las y los hijos acudan a estudiar a la capital de Puebla. El secretario visiblemente emocionado agradeci\u00f3 al gobernador por la instalaci\u00f3n de la USEP, ya que en esa microrregi\u00f3n no todos pueden estudiar, pero con el apoyo de los padres de familia muchos salen adelante. \u00abEstoy emocionado, no solo es Yaon\u00e1huac, es la regi\u00f3n, ya no van a sufrir los padres de familia\u00bb, apunt\u00f3 el secretario.<\/p>\n\n\n\n<p>El director del CAPCEE, Carlos Ochoa Rodr\u00edguez, detall\u00f3 que la obra de 2 mil metros cuadrados abarca un edificio de dos niveles con 37 espacios, entre aulas, laboratorios especializados, simuladores, \u00e1rea administrativa y obra exterior. Dicha sede se une a la estrategia de descentralizaci\u00f3n para la oferta educativa de la USEP en las regiones de Tepexi de Rodr\u00edguez, Iz\u00facar de Matamoros y Zoquitl\u00e1n.<\/p>\n\n\n\n<p>En su intervenci\u00f3n, el secretario de Gobernaci\u00f3n, Samuel Aguilar Pala, coment\u00f3 que el mandatario asisti\u00f3 para refrendar su compromiso con las comunidades, por ello, inform\u00f3 que se entregaron 20 proyectos del Programa de Obra Comunitaria, con una inversi\u00f3n de m\u00e1s de 4 millones de pesos para seis municipios. Se\u00f1al\u00f3 que con esta iniciativa la participaci\u00f3n de la ciudadan\u00eda y de las mujeres son primordiales, para destinar recursos en acciones primordiales para la poblaci\u00f3n.<\/p>\n\n\n\n<p>En un acto de justicia social, el rector de la Universidad de la Salud, Mart\u00edn de Jes\u00fas Huerta, mencion\u00f3 que con la universidad se comienzan a construir sue\u00f1os y un futuro m\u00e1s brillante. Resalt\u00f3 que se forja esperanza en la regi\u00f3n para que las y los estudiantes no abandonen sus hogares, ya que la educaci\u00f3n es un derecho y no un privilegio. Adem\u00e1s inform\u00f3 que quienes se inscribieron en esta sede estudiar\u00e1n para m\u00e9dico cirujano y enfermer\u00eda, como parte de un paso firme hacia la igualdad y para el desarrollo que tanto merece la gente de esta regi\u00f3n.<\/p>\n\n\n\n<p>La Universidad de la Salud ser\u00e1 un espacio de inclusi\u00f3n, conocimiento y justicia social, que honra el derecho a la salud y la educaci\u00f3n para todas y todos. Con esta sede tambi\u00e9n se ve beneficiada la poblaci\u00f3n de los municipios de: Teteles de \u00c1vila Castillo, Teziutl\u00e1n, Atempan, Acateno, Hueytamalco, Ayotoxco de Guerrero, Tlatlauquitepec, Chignautla, Hueyapan, Tenampulco y Xiutetelco.<\/p>\n\n\n\n<p>El edil de Yaon\u00e1huac, Jes\u00fas Salazar Morelos, apunt\u00f3 que se trata de un d\u00eda hist\u00f3rico al colocar la primera piedra de la USEP, reconoci\u00f3 el compromiso del mandatario con las y los poblanos por acercar la educaci\u00f3n y evitar que las y los j\u00f3venes desistan de sus sue\u00f1os de estudiar. Afirm\u00f3 que es un importante avance hacia el progreso del municipio y de la Sierra Nororiental, ya que mejorar\u00e1n los servicios de salud y se detonar\u00e1 la derrama econ\u00f3mica.<\/p>\n\n\n\n<p>Durante el acto se entregaron 400 certificados del Programa \u00abMejorando la Educaci\u00f3n\u00bb, en beneficio de escuelas de los municipios de: Acateno, Atempan, Ayotoxco de Guerrero, Hueyapan, Hueytamalco, Teteles de \u00c1vila Castillo, Teziutl\u00e1n, Tlatlauquitepec, Chignautla, Xiutetelco y Yaon\u00e1huac. Adem\u00e1s, tomaron protesta los Consejos Municipales de Participaci\u00f3n Escolar, quienes gestionan la mejora de la infraestructura educativa.<\/p>\n","protected":false},"excerpt":{"rendered":"<p>Con el compromiso de impulsar el desarrollo educativo de j\u00f3venes de comunidades ind\u00edgenas, el gobernador de Puebla, Alejandro Armenta, llev\u00f3 a cabo la colocaci\u00f3n de la primera piedra de la Universidad de la Salud (USEP) en el municipio, cuya edificaci\u00f3n tendr\u00e1 una inversi\u00f3n de 46.8 millones de pesos. \u201cEs un sue\u00f1o hecho realidad\u00bb, as\u00ed lo [&hellip;]<\/p>\n","protected":false},"author":4,"featured_media":66823,"comment_status":"open","ping_status":"open","sticky":false,"template":"","format":"standard","meta":{"om_disable_all_campaigns":false,"_monsterinsights_skip_tracking":false,"_monsterinsights_sitenote_active":false,"_monsterinsights_sitenote_note":"","_monsterinsights_sitenote_category":0,"footnotes":""},"categories":[175],"tags":[239,195,223],"class_list":["post-66816","post","type-post","status-publish","format-standard","has-post-thumbnail","hentry","category-local","tag-gobierno","tag-principal","tag-puebla"],"amp_enabled":true,"_links":{"self":[{"href":"https:\/\/lahora.mx\/index.php\/wp-json\/wp\/v2\/posts\/66816","targetHints":{"allow":["GET"]}}],"collection":[{"href":"https:\/\/lahora.mx\/index.php\/wp-json\/wp\/v2\/posts"}],"about":[{"href":"https:\/\/lahora.mx\/index.php\/wp-json\/wp\/v2\/types\/post"}],"author":[{"embeddable":true,"href":"https:\/\/lahora.mx\/index.php\/wp-json\/wp\/v2\/users\/4"}],"replies":[{"embeddable":true,"href":"https:\/\/lahora.mx\/index.php\/wp-json\/wp\/v2\/comments?post=66816"}],"version-history":[{"count":2,"href":"https:\/\/lahora.mx\/index.php\/wp-json\/wp\/v2\/posts\/66816\/revisions"}],"predecessor-version":[{"id":66827,"href":"https:\/\/lahora.mx\/index.php\/wp-json\/wp\/v2\/posts\/66816\/revisions\/66827"}],"wp:featuredmedia":[{"embeddable":true,"href":"https:\/\/lahora.mx\/index.php\/wp-json\/wp\/v2\/media\/66823"}],"wp:attachment":[{"href":"https:\/\/lahora.mx\/index.php\/wp-json\/wp\/v2\/media?parent=66816"}],"wp:term":[{"taxonomy":"category","embeddable":true,"href":"https:\/\/lahora.mx\/index.php\/wp-json\/wp\/v2\/categories?post=66816"},{"taxonomy":"post_tag","embeddable":true,"href":"https:\/\/lahora.mx\/index.php\/wp-json\/wp\/v2\/tags?post=66816"}],"curies":[{"name":"wp","href":"https:\/\/api.w.org\/{rel}","templated":true}]}}