{"id":6681,"date":"2022-05-09T19:54:40","date_gmt":"2022-05-09T19:54:40","guid":{"rendered":"http:\/\/lahora.mx\/?p=6681"},"modified":"2022-05-09T19:54:40","modified_gmt":"2022-05-09T19:54:40","slug":"amlo-se-reunira-con-sector-agricola-en-puebla-para-promover-autoconsumo","status":"publish","type":"post","link":"https:\/\/lahora.mx\/index.php\/2022\/05\/09\/amlo-se-reunira-con-sector-agricola-en-puebla-para-promover-autoconsumo\/","title":{"rendered":"AMLO se reunir\u00e1 con sector agr\u00edcola en Puebla para promover autoconsumo"},"content":{"rendered":"\n<p>El presidente&nbsp;<strong>Andr\u00e9s Manuel L\u00f3pez Obrador<\/strong>&nbsp;dijo que el pr\u00f3ximo s\u00e1bado estar\u00e1 en&nbsp;<strong>Puebla<\/strong>&nbsp;para reunirse con agr\u00f3nomos y t\u00e9cnicos como para de una campa\u00f1a para&nbsp;<strong>promover el autoconsumo<\/strong>&nbsp;en M\u00e9xico y as\u00ed hacerle frente a la&nbsp;<strong>inflaci\u00f3n<\/strong>.<\/p>\n\n\n\n<p>As\u00ed lo se\u00f1al\u00f3 en su rueda de prensa matutina, donde indic\u00f3 que arribar\u00e1 al estado durante la tarde del&nbsp;<strong>14 de mayo.<\/strong><\/p>\n\n\n\n<p>Al respecto, explic\u00f3 que busca&nbsp;<strong>promover por todo el pa\u00eds una campa\u00f1a para incentivar el autoconsumo<\/strong>, por lo que se reunir\u00e1 con agropecuarios, t\u00e9cnicos y extensionistas, pues para poder combatir la inflaci\u00f3n es necesario producir lo que se consume.<\/p>\n\n\n\n<p>L\u00f3pez Obrador detall\u00f3 que su gira comenzar\u00e1 el&nbsp;<strong>pr\u00f3ximo viernes, en Monterrey<\/strong>, donde se llevar\u00e1 a cabo su \u201cma\u00f1anera\u201d, para luego reunirse con productores del campo de la regi\u00f3n norte. Adem\u00e1s, despu\u00e9s se trasladar\u00e1 a&nbsp;<strong>Guadalajara<\/strong>.<\/p>\n\n\n\n<p>Agreg\u00f3 que para el s\u00e1bado estar\u00e1 en&nbsp;<strong>Veracruz<\/strong>, como parte de la misma campa\u00f1a, y despu\u00e9s, en la tarde, llegar\u00e1 a&nbsp;<strong>Puebla<\/strong>, donde igualmente se reunir\u00e1 con&nbsp;<strong>agr\u00f3nomos y productores<\/strong>.<\/p>\n\n\n\n<p>Despu\u00e9s, para el domingo 15 de mayo, el D\u00eda del Maestro, se reunir\u00e1 en la&nbsp;<strong>Ciudad de M\u00e9xico<\/strong>&nbsp;con docentes y luego estar\u00e1 con t\u00e9cnicos agr\u00edcolas de la regi\u00f3n para proponerles la producci\u00f3n de autoconsumo.<\/p>\n","protected":false},"excerpt":{"rendered":"<p>El presidente&nbsp;Andr\u00e9s Manuel L\u00f3pez Obrador&nbsp;dijo que el pr\u00f3ximo s\u00e1bado estar\u00e1 en&nbsp;Puebla&nbsp;para reunirse con agr\u00f3nomos y t\u00e9cnicos como para de una campa\u00f1a para&nbsp;promover el autoconsumo&nbsp;en M\u00e9xico y as\u00ed hacerle frente a la&nbsp;inflaci\u00f3n. As\u00ed lo se\u00f1al\u00f3 en su rueda de prensa matutina, donde indic\u00f3 que arribar\u00e1 al estado durante la tarde del&nbsp;14 de mayo. Al respecto, explic\u00f3 [&hellip;]<\/p>\n","protected":false},"author":4,"featured_media":6682,"comment_status":"open","ping_status":"open","sticky":false,"template":"","format":"standard","meta":{"om_disable_all_campaigns":false,"_monsterinsights_skip_tracking":false,"_monsterinsights_sitenote_active":false,"_monsterinsights_sitenote_note":"","_monsterinsights_sitenote_category":0,"footnotes":""},"categories":[176],"tags":[],"class_list":["post-6681","post","type-post","status-publish","format-standard","has-post-thumbnail","hentry","category-nacional"],"amp_enabled":true,"_links":{"self":[{"href":"https:\/\/lahora.mx\/index.php\/wp-json\/wp\/v2\/posts\/6681","targetHints":{"allow":["GET"]}}],"collection":[{"href":"https:\/\/lahora.mx\/index.php\/wp-json\/wp\/v2\/posts"}],"about":[{"href":"https:\/\/lahora.mx\/index.php\/wp-json\/wp\/v2\/types\/post"}],"author":[{"embeddable":true,"href":"https:\/\/lahora.mx\/index.php\/wp-json\/wp\/v2\/users\/4"}],"replies":[{"embeddable":true,"href":"https:\/\/lahora.mx\/index.php\/wp-json\/wp\/v2\/comments?post=6681"}],"version-history":[{"count":1,"href":"https:\/\/lahora.mx\/index.php\/wp-json\/wp\/v2\/posts\/6681\/revisions"}],"predecessor-version":[{"id":6683,"href":"https:\/\/lahora.mx\/index.php\/wp-json\/wp\/v2\/posts\/6681\/revisions\/6683"}],"wp:featuredmedia":[{"embeddable":true,"href":"https:\/\/lahora.mx\/index.php\/wp-json\/wp\/v2\/media\/6682"}],"wp:attachment":[{"href":"https:\/\/lahora.mx\/index.php\/wp-json\/wp\/v2\/media?parent=6681"}],"wp:term":[{"taxonomy":"category","embeddable":true,"href":"https:\/\/lahora.mx\/index.php\/wp-json\/wp\/v2\/categories?post=6681"},{"taxonomy":"post_tag","embeddable":true,"href":"https:\/\/lahora.mx\/index.php\/wp-json\/wp\/v2\/tags?post=6681"}],"curies":[{"name":"wp","href":"https:\/\/api.w.org\/{rel}","templated":true}]}}