{"id":66774,"date":"2025-08-15T15:17:23","date_gmt":"2025-08-15T15:17:23","guid":{"rendered":"https:\/\/lahora.mx\/?p=66774"},"modified":"2025-08-15T15:17:23","modified_gmt":"2025-08-15T15:17:23","slug":"vuelca-automovil-y-es-abandonado-en-la-recta-a-cholula","status":"publish","type":"post","link":"https:\/\/lahora.mx\/index.php\/2025\/08\/15\/vuelca-automovil-y-es-abandonado-en-la-recta-a-cholula\/","title":{"rendered":"Vuelca autom\u00f3vil y es abandonado en la Recta a Cholula"},"content":{"rendered":"\n<p>Un autom\u00f3vil volc\u00f3 sobre la Recta a Cholula, y posteriormente, la persona que se encontraba al volante abandon\u00f3 la unidad, lo que provoc\u00f3 la movilizaci\u00f3n de los cuerpos de emergencia quienes arribaron al lugar.<br><br>El accidente ocurri\u00f3 cerca de las 6 de la ma\u00f1ana de este viernes 15 de agosto, a la altura del Perif\u00e9rico Ecol\u00f3gico, donde el coche se fue hacia una zanja que se encontraba en medio de las laterales de la vialidad.<\/p>\n\n\n\n<p>Fueron los mismos automovilistas que dieron aviso al 911 para solicitar el apoyo, mientras que alertaron a los dem\u00e1s conductores para tener precauci\u00f3n si es que circulaban por la zona de incidente vial.<\/p>\n\n\n\n<p>Minutos m\u00e1s tarde, lleg\u00f3 personal de Bomberos y ambulancias para hacer labores de rescate, adem\u00e1s de asegurarse que ninguna persona herida estuviera al interior.<\/p>\n\n\n\n<p>Sin embargo, las autoridades se percataron que no hab\u00eda nadie que respondiera por la unidad, por lo que hasta el momento se desconoce si es que hubo heridos por este accidente.<\/p>\n\n\n\n<p>Al parecer, el conductor perdi\u00f3 el control del volante cuando viajaba a exceso de velocidad, supuestamente bajo los influjos del alcohol, por lo cual las autoridades contin\u00faan haciendo labores en el lugar para el retiro.<\/p>\n","protected":false},"excerpt":{"rendered":"<p>Un autom\u00f3vil volc\u00f3 sobre la Recta a Cholula, y posteriormente, la persona que se encontraba al volante abandon\u00f3 la unidad, lo que provoc\u00f3 la movilizaci\u00f3n de los cuerpos de emergencia quienes arribaron al lugar. El accidente ocurri\u00f3 cerca de las 6 de la ma\u00f1ana de este viernes 15 de agosto, a la altura del Perif\u00e9rico [&hellip;]<\/p>\n","protected":false},"author":4,"featured_media":66775,"comment_status":"open","ping_status":"open","sticky":false,"template":"","format":"standard","meta":{"om_disable_all_campaigns":false,"_monsterinsights_skip_tracking":false,"_monsterinsights_sitenote_active":false,"_monsterinsights_sitenote_note":"","_monsterinsights_sitenote_category":0,"footnotes":""},"categories":[175,226],"tags":[234],"class_list":["post-66774","post","type-post","status-publish","format-standard","has-post-thumbnail","hentry","category-local","category-policia","tag-cholula"],"amp_enabled":true,"_links":{"self":[{"href":"https:\/\/lahora.mx\/index.php\/wp-json\/wp\/v2\/posts\/66774","targetHints":{"allow":["GET"]}}],"collection":[{"href":"https:\/\/lahora.mx\/index.php\/wp-json\/wp\/v2\/posts"}],"about":[{"href":"https:\/\/lahora.mx\/index.php\/wp-json\/wp\/v2\/types\/post"}],"author":[{"embeddable":true,"href":"https:\/\/lahora.mx\/index.php\/wp-json\/wp\/v2\/users\/4"}],"replies":[{"embeddable":true,"href":"https:\/\/lahora.mx\/index.php\/wp-json\/wp\/v2\/comments?post=66774"}],"version-history":[{"count":1,"href":"https:\/\/lahora.mx\/index.php\/wp-json\/wp\/v2\/posts\/66774\/revisions"}],"predecessor-version":[{"id":66776,"href":"https:\/\/lahora.mx\/index.php\/wp-json\/wp\/v2\/posts\/66774\/revisions\/66776"}],"wp:featuredmedia":[{"embeddable":true,"href":"https:\/\/lahora.mx\/index.php\/wp-json\/wp\/v2\/media\/66775"}],"wp:attachment":[{"href":"https:\/\/lahora.mx\/index.php\/wp-json\/wp\/v2\/media?parent=66774"}],"wp:term":[{"taxonomy":"category","embeddable":true,"href":"https:\/\/lahora.mx\/index.php\/wp-json\/wp\/v2\/categories?post=66774"},{"taxonomy":"post_tag","embeddable":true,"href":"https:\/\/lahora.mx\/index.php\/wp-json\/wp\/v2\/tags?post=66774"}],"curies":[{"name":"wp","href":"https:\/\/api.w.org\/{rel}","templated":true}]}}