{"id":66771,"date":"2025-08-15T15:12:23","date_gmt":"2025-08-15T15:12:23","guid":{"rendered":"https:\/\/lahora.mx\/?p=66771"},"modified":"2025-08-15T15:12:24","modified_gmt":"2025-08-15T15:12:24","slug":"con-cuidado-cerrada-la-lateral-de-la-recta-a-cholula-con-sentido-a-puebla","status":"publish","type":"post","link":"https:\/\/lahora.mx\/index.php\/2025\/08\/15\/con-cuidado-cerrada-la-lateral-de-la-recta-a-cholula-con-sentido-a-puebla\/","title":{"rendered":"Con cuidado, cerrada la lateral de la Recta a Cholula con sentido a Puebla"},"content":{"rendered":"\n<p>Mucha atenci\u00f3n, ya que este viernes 15 de agosto a partir de las 08:00 horas habr\u00e1 cierre intermitente sobre la lateral de la Recta a Cholula con sentido a Puebla, a la altura del Servicio de Administraci\u00f3n Tributaria (SAT).<br><br>Por medio de sus redes sociales, tanto la Secretar\u00eda de Infraestructura del Estado de Puebla, as\u00ed como el municipio de San Pedro Cholula, publicaron un aviso a los automovilistas de esta situaci\u00f3n con la finalidad de que lo tomen en cuenta y salgan con tiempo al lugar que se dirijan.<\/p>\n\n\n\n<p>Es as\u00ed que la Secretar\u00eda de Infraestructura informa que se presentara cierre intermitente en la lateral de la Recta a Cholula, con sentido a Puebla, a la altura del SAT, entre la calle Adolfo L\u00f3pez Mateos y Golfo Centro.<\/p>\n\n\n\n<p>\u201cComo parte de la rehabilitaci\u00f3n de esta vialidad, este viernes 15 de agosto de 2025, de las 08:00 a las 18:00 horas, habr\u00e1 cierre parcial en la zona\u201d, destaca en sus redes sociales la dependencia estatal.<\/p>\n\n\n\n<p>De esta manera, la Secretar\u00eda de Infraestructura exhorta a las y los automovilistas a manejar con precauci\u00f3n y no estacionarse en el \u00e1rea, por la seguridad de todas y todos.<\/p>\n\n\n\n<p>\u201cToma tus precauciones y considera rutas alternas\u201d, expresa la sugerencia de Infraestructura.<\/p>\n\n\n\n<p>Cabe recordar que, a trav\u00e9s de los M\u00f3dulos de Pavimentaci\u00f3n, la Secretar\u00eda de Infraestructura mantuvo con \u00e9xito el pasado jueves 14 de agosto los trabajos de rehabilitaci\u00f3n de la lateral de la Recta a Cholula, con sentido a Puebla, a la altura de la colonia Bello Horizonte.<\/p>\n","protected":false},"excerpt":{"rendered":"<p>Mucha atenci\u00f3n, ya que este viernes 15 de agosto a partir de las 08:00 horas habr\u00e1 cierre intermitente sobre la lateral de la Recta a Cholula con sentido a Puebla, a la altura del Servicio de Administraci\u00f3n Tributaria (SAT). Por medio de sus redes sociales, tanto la Secretar\u00eda de Infraestructura del Estado de Puebla, as\u00ed [&hellip;]<\/p>\n","protected":false},"author":4,"featured_media":66772,"comment_status":"open","ping_status":"open","sticky":false,"template":"","format":"standard","meta":{"om_disable_all_campaigns":false,"_monsterinsights_skip_tracking":false,"_monsterinsights_sitenote_active":false,"_monsterinsights_sitenote_note":"","_monsterinsights_sitenote_category":0,"footnotes":""},"categories":[175],"tags":[195,223],"class_list":["post-66771","post","type-post","status-publish","format-standard","has-post-thumbnail","hentry","category-local","tag-principal","tag-puebla"],"amp_enabled":true,"_links":{"self":[{"href":"https:\/\/lahora.mx\/index.php\/wp-json\/wp\/v2\/posts\/66771","targetHints":{"allow":["GET"]}}],"collection":[{"href":"https:\/\/lahora.mx\/index.php\/wp-json\/wp\/v2\/posts"}],"about":[{"href":"https:\/\/lahora.mx\/index.php\/wp-json\/wp\/v2\/types\/post"}],"author":[{"embeddable":true,"href":"https:\/\/lahora.mx\/index.php\/wp-json\/wp\/v2\/users\/4"}],"replies":[{"embeddable":true,"href":"https:\/\/lahora.mx\/index.php\/wp-json\/wp\/v2\/comments?post=66771"}],"version-history":[{"count":1,"href":"https:\/\/lahora.mx\/index.php\/wp-json\/wp\/v2\/posts\/66771\/revisions"}],"predecessor-version":[{"id":66773,"href":"https:\/\/lahora.mx\/index.php\/wp-json\/wp\/v2\/posts\/66771\/revisions\/66773"}],"wp:featuredmedia":[{"embeddable":true,"href":"https:\/\/lahora.mx\/index.php\/wp-json\/wp\/v2\/media\/66772"}],"wp:attachment":[{"href":"https:\/\/lahora.mx\/index.php\/wp-json\/wp\/v2\/media?parent=66771"}],"wp:term":[{"taxonomy":"category","embeddable":true,"href":"https:\/\/lahora.mx\/index.php\/wp-json\/wp\/v2\/categories?post=66771"},{"taxonomy":"post_tag","embeddable":true,"href":"https:\/\/lahora.mx\/index.php\/wp-json\/wp\/v2\/tags?post=66771"}],"curies":[{"name":"wp","href":"https:\/\/api.w.org\/{rel}","templated":true}]}}