{"id":6675,"date":"2022-05-09T19:37:54","date_gmt":"2022-05-09T19:37:54","guid":{"rendered":"http:\/\/lahora.mx\/?p=6675"},"modified":"2022-05-09T19:37:55","modified_gmt":"2022-05-09T19:37:55","slug":"balean-a-dos-por-darle-un-cerron-a-automovil-en-periferico-ecologico","status":"publish","type":"post","link":"https:\/\/lahora.mx\/index.php\/2022\/05\/09\/balean-a-dos-por-darle-un-cerron-a-automovil-en-periferico-ecologico\/","title":{"rendered":"Balean a dos por \u201cdarle un cerr\u00f3n\u201d a autom\u00f3vil en Perif\u00e9rico Ecol\u00f3gico"},"content":{"rendered":"\n<p>Durante la noche del domingo,&nbsp;<strong>dos hombres resultaron heridos de bala<\/strong>&nbsp;sobre la lateral de Perif\u00e9rico Ecol\u00f3gico luego de que presuntamente&nbsp;<strong>se fueran dando cerrones contra los tripulantes de otro veh\u00edculo.<\/strong><\/p>\n\n\n\n<p>Minutos despu\u00e9s de las 23:00 horas, automovilistas y testigos del Boulevard Carmelitas pidieron una ambulancia debido a que&nbsp;<strong>dos j\u00f3venes hab\u00edan recibido impactos de bala<\/strong>&nbsp;por sujetos desconocidos que huyeron a bordo de un Vento color blanco.<\/p>\n\n\n\n<p>De inicio se refiri\u00f3 que se hab\u00eda tratado de un presunto asalto, sin embargo, al llegar los elementos policiales se&nbsp;<strong>entrevistaron con los presentes quienes refirieron que sobre Perif\u00e9rico los heridos<\/strong>&nbsp;y otros m\u00e1s a bordo de otro autom\u00f3vil se estaban&nbsp;<strong>dando cerrones.<\/strong><\/p>\n\n\n\n<p>Los param\u00e9dicos del Sistema de Urgencias M\u00e9dicas Avanzadas (SUMA)&nbsp; valoraron a Jordan M., de 23 a\u00f1os de edad y a Cesar M., de 42, ambos por lesiones en el t\u00f3rax.<\/p>\n\n\n\n<p>Los afectados fueron trasladados al Hospital de Traumatolog\u00eda y Ortopedia para su completa valoraci\u00f3n m\u00e9dica. &nbsp;<\/p>\n","protected":false},"excerpt":{"rendered":"<p>Durante la noche del domingo,&nbsp;dos hombres resultaron heridos de bala&nbsp;sobre la lateral de Perif\u00e9rico Ecol\u00f3gico luego de que presuntamente&nbsp;se fueran dando cerrones contra los tripulantes de otro veh\u00edculo. Minutos despu\u00e9s de las 23:00 horas, automovilistas y testigos del Boulevard Carmelitas pidieron una ambulancia debido a que&nbsp;dos j\u00f3venes hab\u00edan recibido impactos de bala&nbsp;por sujetos desconocidos que [&hellip;]<\/p>\n","protected":false},"author":4,"featured_media":6676,"comment_status":"open","ping_status":"open","sticky":false,"template":"","format":"standard","meta":{"om_disable_all_campaigns":false,"_monsterinsights_skip_tracking":false,"_monsterinsights_sitenote_active":false,"_monsterinsights_sitenote_note":"","_monsterinsights_sitenote_category":0,"footnotes":""},"categories":[175,226],"tags":[223],"class_list":["post-6675","post","type-post","status-publish","format-standard","has-post-thumbnail","hentry","category-local","category-policia","tag-puebla"],"amp_enabled":true,"_links":{"self":[{"href":"https:\/\/lahora.mx\/index.php\/wp-json\/wp\/v2\/posts\/6675","targetHints":{"allow":["GET"]}}],"collection":[{"href":"https:\/\/lahora.mx\/index.php\/wp-json\/wp\/v2\/posts"}],"about":[{"href":"https:\/\/lahora.mx\/index.php\/wp-json\/wp\/v2\/types\/post"}],"author":[{"embeddable":true,"href":"https:\/\/lahora.mx\/index.php\/wp-json\/wp\/v2\/users\/4"}],"replies":[{"embeddable":true,"href":"https:\/\/lahora.mx\/index.php\/wp-json\/wp\/v2\/comments?post=6675"}],"version-history":[{"count":1,"href":"https:\/\/lahora.mx\/index.php\/wp-json\/wp\/v2\/posts\/6675\/revisions"}],"predecessor-version":[{"id":6677,"href":"https:\/\/lahora.mx\/index.php\/wp-json\/wp\/v2\/posts\/6675\/revisions\/6677"}],"wp:featuredmedia":[{"embeddable":true,"href":"https:\/\/lahora.mx\/index.php\/wp-json\/wp\/v2\/media\/6676"}],"wp:attachment":[{"href":"https:\/\/lahora.mx\/index.php\/wp-json\/wp\/v2\/media?parent=6675"}],"wp:term":[{"taxonomy":"category","embeddable":true,"href":"https:\/\/lahora.mx\/index.php\/wp-json\/wp\/v2\/categories?post=6675"},{"taxonomy":"post_tag","embeddable":true,"href":"https:\/\/lahora.mx\/index.php\/wp-json\/wp\/v2\/tags?post=6675"}],"curies":[{"name":"wp","href":"https:\/\/api.w.org\/{rel}","templated":true}]}}