{"id":66724,"date":"2025-08-14T16:35:34","date_gmt":"2025-08-14T16:35:34","guid":{"rendered":"https:\/\/lahora.mx\/?p=66724"},"modified":"2025-08-14T16:35:35","modified_gmt":"2025-08-14T16:35:35","slug":"todos-podemos-levantar-la-mano-rumbo-a-la-eleccion-de-2027-jose-chedraui","status":"publish","type":"post","link":"https:\/\/lahora.mx\/index.php\/2025\/08\/14\/todos-podemos-levantar-la-mano-rumbo-a-la-eleccion-de-2027-jose-chedraui\/","title":{"rendered":"Todos podemos levantar la mano rumbo a la elecci\u00f3n de 2027: Jos\u00e9 Chedraui"},"content":{"rendered":"\n<p>Despu\u00e9s de que en la v\u00edspera, la presidenta nacional morenista, Mar\u00eda Luisa Alcalde Luj\u00e1n, dijo que Jos\u00e9 Chedraui Budib esta haciendo un buen trabajo en la presidencia municipal, el alcalde acentu\u00f3 que todos pueden levantar la mano, como la presidenta del congreso, Laura Artemisa Garc\u00eda Ch\u00e1vez, para contender en el proceso de 2027.<\/p>\n\n\n\n<p>Al concluir la colocaci\u00f3n de la primera piedra de CU 2, mostr\u00f3 por primera vez inter\u00e9s en buscar la reelecci\u00f3n, al advertir que \u00abtodos podemos levantar la mano\u00bb.<\/p>\n\n\n\n<p>Bajo esa perspectiva, agradeci\u00f3 la deferencia de su l\u00edder nacional, pero, insisti\u00f3 que har\u00e1 la tarea que ahora le toca desarrollar.<\/p>\n\n\n\n<p>\u00abAgradezco infinitamente el comentario de la presidencia (Mar\u00eda Luisa Alcalde), estamos haciendo lo que nos toca, y hay que hacer, lo que le toca a cada quien; hay que seguir trabajando\u00bb.<\/p>\n\n\n\n<p>Subray\u00f3 que continuar\u00e1 trabajando en beneficio de Puebla porque se necesita tener a Puebla en paz y bien protegido.<\/p>\n\n\n\n<p>Chedraui Budib refrend\u00f3 que continuar\u00e1 laborando de la mano del gobierno del estado y de la Federaci\u00f3n en beneficio de las y los poblanos.<\/p>\n\n\n\n<p>Con mucho cari\u00f1o<br>D\u00edas atr\u00e1s, la presidenta de la legislatura del congreso, Garc\u00eda Ch\u00e1vez dijo que el derecho a la reelecci\u00f3n se gana con resultados positivos.<\/p>\n\n\n\n<p>\u00abLe respondo con mucho cari\u00f1o, aparte de que es mi amiga; todos debemos ir trabajando de la mano del gobierno del estado y la federaci\u00f3n para que cada quien haga su trabajo, y que Puebla sea mejor, tenemos que tener una Puebla en paz y bien protegida\u00bb.<\/p>\n\n\n\n<p>Desde la perspectiva morenista, Laura Artemisa tiene posibilidades de ser abanderada de su partido para la alcald\u00eda en el 2027.<\/p>\n\n\n\n<p>Ante ese panorama, asegur\u00f3 que la diputada efectivamente tambi\u00e9n puede ir en busca de la presidencia municipal, por estar en todo su derechos.<\/p>\n\n\n\n<p>\u00abTodos podemos levantar las manos\u00bb, \u00bfusted tambi\u00e9n puede levantar la mano? \u00abtodos podemos levantar la mano\u00bb.<\/p>\n","protected":false},"excerpt":{"rendered":"<p>Despu\u00e9s de que en la v\u00edspera, la presidenta nacional morenista, Mar\u00eda Luisa Alcalde Luj\u00e1n, dijo que Jos\u00e9 Chedraui Budib esta haciendo un buen trabajo en la presidencia municipal, el alcalde acentu\u00f3 que todos pueden levantar la mano, como la presidenta del congreso, Laura Artemisa Garc\u00eda Ch\u00e1vez, para contender en el proceso de 2027. Al concluir [&hellip;]<\/p>\n","protected":false},"author":4,"featured_media":66725,"comment_status":"open","ping_status":"open","sticky":false,"template":"","format":"standard","meta":{"om_disable_all_campaigns":false,"_monsterinsights_skip_tracking":false,"_monsterinsights_sitenote_active":false,"_monsterinsights_sitenote_note":"","_monsterinsights_sitenote_category":0,"footnotes":""},"categories":[5],"tags":[],"class_list":["post-66724","post","type-post","status-publish","format-standard","has-post-thumbnail","hentry","category-politica"],"amp_enabled":true,"_links":{"self":[{"href":"https:\/\/lahora.mx\/index.php\/wp-json\/wp\/v2\/posts\/66724","targetHints":{"allow":["GET"]}}],"collection":[{"href":"https:\/\/lahora.mx\/index.php\/wp-json\/wp\/v2\/posts"}],"about":[{"href":"https:\/\/lahora.mx\/index.php\/wp-json\/wp\/v2\/types\/post"}],"author":[{"embeddable":true,"href":"https:\/\/lahora.mx\/index.php\/wp-json\/wp\/v2\/users\/4"}],"replies":[{"embeddable":true,"href":"https:\/\/lahora.mx\/index.php\/wp-json\/wp\/v2\/comments?post=66724"}],"version-history":[{"count":1,"href":"https:\/\/lahora.mx\/index.php\/wp-json\/wp\/v2\/posts\/66724\/revisions"}],"predecessor-version":[{"id":66726,"href":"https:\/\/lahora.mx\/index.php\/wp-json\/wp\/v2\/posts\/66724\/revisions\/66726"}],"wp:featuredmedia":[{"embeddable":true,"href":"https:\/\/lahora.mx\/index.php\/wp-json\/wp\/v2\/media\/66725"}],"wp:attachment":[{"href":"https:\/\/lahora.mx\/index.php\/wp-json\/wp\/v2\/media?parent=66724"}],"wp:term":[{"taxonomy":"category","embeddable":true,"href":"https:\/\/lahora.mx\/index.php\/wp-json\/wp\/v2\/categories?post=66724"},{"taxonomy":"post_tag","embeddable":true,"href":"https:\/\/lahora.mx\/index.php\/wp-json\/wp\/v2\/tags?post=66724"}],"curies":[{"name":"wp","href":"https:\/\/api.w.org\/{rel}","templated":true}]}}