{"id":6669,"date":"2022-05-09T19:17:14","date_gmt":"2022-05-09T19:17:14","guid":{"rendered":"http:\/\/lahora.mx\/?p=6669"},"modified":"2022-05-09T19:17:15","modified_gmt":"2022-05-09T19:17:15","slug":"las-acciones-del-gobierno-son-en-favor-de-mujeres-menciona-la-gobernadora-lorena-cuellar","status":"publish","type":"post","link":"https:\/\/lahora.mx\/index.php\/2022\/05\/09\/las-acciones-del-gobierno-son-en-favor-de-mujeres-menciona-la-gobernadora-lorena-cuellar\/","title":{"rendered":"Las acciones del gobierno son en favor de mujeres, menciona la gobernadora Lorena Cu\u00e9llar"},"content":{"rendered":"\n<p>Previo\u00a0<strong>al\u00a0concierto de Manuel Mijares ofrecido con motivo del D\u00eda de las Madres, la gobernadora\u00a0Lorena Cu\u00e9llar Cisneros Destac\u00f3 <\/strong>que una de las prioridades de la administraci\u00f3n que encabeza son las mujeres.<br>Acompa\u00f1ada de\u00a0<strong>Mariana Espinosa de los Monteros Cu\u00e9llar, presidenta\u00a0del Sistema Estatal para el Desarrollo Integral de la Familia (SEDIF), destac\u00f3 que el 58 % de las acciones que ejecutar\u00e1 el gobierno ser\u00e1n en favor de las mujeres,<\/strong>\u00a0ya que su intenci\u00f3n es abrir espacios para todas las tlaxcaltecas, quienes caminan a su lado.<br>En el estadio Tlahuicole,\u00a0<strong>en la capital del estado, la mandataria estatal enfatiz\u00f3 en su deseo de que le vaya bien a Tlaxcala<\/strong><br>En su mensaje dirigido<strong>\u00a0las mam\u00e1s presentes en el evento, les augur\u00f3 cosas lindas en su vida y les solicit\u00f3 nunca dejar de luchar por sus sue\u00f1os<\/strong>, y que lo hagan con todo el coraz\u00f3n porque ser\u00e1n una realidad  <br>Y la\u00a0<strong>felicidad y \u00e9xitos no solo fueron dirigidos para las mam\u00e1s del estado,\u00a0<\/strong>sino tambi\u00e9n para sus familias, para sus hijos en hijas.<br>A su vez,<strong>\u00a0la presidenta del SEDIF destac\u00f3 que dicha celebraci\u00f3n llega tras la suspensi\u00f3n de eventos masivos<\/strong>\u00a0por dos a\u00f1os de pandemia.<br>Antes del mensaje, en el\u00a0escenario actu\u00f3<strong>\u00a0\u00abEl Jilguerillo de Tlaxcala\u201d,\u00a0<\/strong>de La voz Kids M\u00e9xico 2021, quien interpret\u00f3 temas como<strong>\u00a0\u00abLa de la mochila azul\u00bb y \u00abSe\u00f1ora, Se\u00f1ora\u00bb.<\/strong><\/p>\n","protected":false},"excerpt":{"rendered":"<p>Previo\u00a0al\u00a0concierto de Manuel Mijares ofrecido con motivo del D\u00eda de las Madres, la gobernadora\u00a0Lorena Cu\u00e9llar Cisneros Destac\u00f3 que una de las prioridades de la administraci\u00f3n que encabeza son las mujeres.Acompa\u00f1ada de\u00a0Mariana Espinosa de los Monteros Cu\u00e9llar, presidenta\u00a0del Sistema Estatal para el Desarrollo Integral de la Familia (SEDIF), destac\u00f3 que el 58 % de las acciones [&hellip;]<\/p>\n","protected":false},"author":4,"featured_media":6670,"comment_status":"open","ping_status":"open","sticky":false,"template":"","format":"standard","meta":{"om_disable_all_campaigns":false,"_monsterinsights_skip_tracking":false,"_monsterinsights_sitenote_active":false,"_monsterinsights_sitenote_note":"","_monsterinsights_sitenote_category":0,"footnotes":""},"categories":[176],"tags":[210],"class_list":["post-6669","post","type-post","status-publish","format-standard","has-post-thumbnail","hentry","category-nacional","tag-tlaxcala"],"amp_enabled":true,"_links":{"self":[{"href":"https:\/\/lahora.mx\/index.php\/wp-json\/wp\/v2\/posts\/6669","targetHints":{"allow":["GET"]}}],"collection":[{"href":"https:\/\/lahora.mx\/index.php\/wp-json\/wp\/v2\/posts"}],"about":[{"href":"https:\/\/lahora.mx\/index.php\/wp-json\/wp\/v2\/types\/post"}],"author":[{"embeddable":true,"href":"https:\/\/lahora.mx\/index.php\/wp-json\/wp\/v2\/users\/4"}],"replies":[{"embeddable":true,"href":"https:\/\/lahora.mx\/index.php\/wp-json\/wp\/v2\/comments?post=6669"}],"version-history":[{"count":2,"href":"https:\/\/lahora.mx\/index.php\/wp-json\/wp\/v2\/posts\/6669\/revisions"}],"predecessor-version":[{"id":7018,"href":"https:\/\/lahora.mx\/index.php\/wp-json\/wp\/v2\/posts\/6669\/revisions\/7018"}],"wp:featuredmedia":[{"embeddable":true,"href":"https:\/\/lahora.mx\/index.php\/wp-json\/wp\/v2\/media\/6670"}],"wp:attachment":[{"href":"https:\/\/lahora.mx\/index.php\/wp-json\/wp\/v2\/media?parent=6669"}],"wp:term":[{"taxonomy":"category","embeddable":true,"href":"https:\/\/lahora.mx\/index.php\/wp-json\/wp\/v2\/categories?post=6669"},{"taxonomy":"post_tag","embeddable":true,"href":"https:\/\/lahora.mx\/index.php\/wp-json\/wp\/v2\/tags?post=6669"}],"curies":[{"name":"wp","href":"https:\/\/api.w.org\/{rel}","templated":true}]}}