{"id":66687,"date":"2025-08-14T00:48:17","date_gmt":"2025-08-14T00:48:17","guid":{"rendered":"https:\/\/lahora.mx\/?p=66687"},"modified":"2025-08-14T00:48:17","modified_gmt":"2025-08-14T00:48:17","slug":"en-puebla-se-respeta-la-ley-estacionamientos-de-estadios-seguiran-sin-cobros","status":"publish","type":"post","link":"https:\/\/lahora.mx\/index.php\/2025\/08\/14\/en-puebla-se-respeta-la-ley-estacionamientos-de-estadios-seguiran-sin-cobros\/","title":{"rendered":"En Puebla se respeta la ley, estacionamientos de estadios seguir\u00e1n sin cobros"},"content":{"rendered":"\n<p>El gobernador de Puebla, Alejandro Armenta, afirm\u00f3 que su gobierno no tiene nada en contra de ninguna organizaci\u00f3n comercial. Refiri\u00f3 que en su administraci\u00f3n se cumple la ley, existe estado de derecho y no existe represi\u00f3n contra ning\u00fan grupo, al contrario, puntualiz\u00f3 que hay apertura al di\u00e1logo.<\/p>\n\n\n\n<p>En este contexto, el mandatario asegur\u00f3 que en Puebla no se concilian, permiten y mucho menos se acuerdan probables actos de narcomenudeo. \u00abNo vamos a autorizar desde el gobierno actividades delictivas\u201d, sostuvo.<\/p>\n\n\n\n<p>El mandatario asegur\u00f3 que el acceso a los estacionamientos de los estadios continuar\u00e1 de forma gratuita. Afirm\u00f3 que dicho espacio no regresar\u00e1 a manos de organizaciones que anteriormente cobraban a las familias hasta 200 pesos, y que luego ante un acto delictivo nadie respond\u00eda.<\/p>\n\n\n\n<p>El gobernador Alejandro Armenta expres\u00f3 que el gobierno que encabeza es serio, firme y respeta la ley, adem\u00e1s cuenta con la autoridad moral que le otorg\u00f3 una elecci\u00f3n contundente con dos millones de votos y que mandatan orden. \u201cSe acab\u00f3 la \u00e9poca de quienes viv\u00edan y ganaban en el caos\u201d.<\/p>\n\n\n\n<p>Por \u00faltimo, enfatiz\u00f3 que la poblaci\u00f3n tiene derecho a disfrutar eventos y acudir a los estadios sin pagar ning\u00fan tipo de cuota \u00abTenemos que preservar el derecho de los dem\u00e1s\u00bb, finaliz\u00f3 el gobernador.<\/p>\n","protected":false},"excerpt":{"rendered":"<p>El gobernador de Puebla, Alejandro Armenta, afirm\u00f3 que su gobierno no tiene nada en contra de ninguna organizaci\u00f3n comercial. Refiri\u00f3 que en su administraci\u00f3n se cumple la ley, existe estado de derecho y no existe represi\u00f3n contra ning\u00fan grupo, al contrario, puntualiz\u00f3 que hay apertura al di\u00e1logo. En este contexto, el mandatario asegur\u00f3 que en [&hellip;]<\/p>\n","protected":false},"author":4,"featured_media":66688,"comment_status":"open","ping_status":"open","sticky":false,"template":"","format":"standard","meta":{"om_disable_all_campaigns":false,"_monsterinsights_skip_tracking":false,"_monsterinsights_sitenote_active":false,"_monsterinsights_sitenote_note":"","_monsterinsights_sitenote_category":0,"footnotes":""},"categories":[175],"tags":[239,195,223],"class_list":["post-66687","post","type-post","status-publish","format-standard","has-post-thumbnail","hentry","category-local","tag-gobierno","tag-principal","tag-puebla"],"amp_enabled":true,"_links":{"self":[{"href":"https:\/\/lahora.mx\/index.php\/wp-json\/wp\/v2\/posts\/66687","targetHints":{"allow":["GET"]}}],"collection":[{"href":"https:\/\/lahora.mx\/index.php\/wp-json\/wp\/v2\/posts"}],"about":[{"href":"https:\/\/lahora.mx\/index.php\/wp-json\/wp\/v2\/types\/post"}],"author":[{"embeddable":true,"href":"https:\/\/lahora.mx\/index.php\/wp-json\/wp\/v2\/users\/4"}],"replies":[{"embeddable":true,"href":"https:\/\/lahora.mx\/index.php\/wp-json\/wp\/v2\/comments?post=66687"}],"version-history":[{"count":1,"href":"https:\/\/lahora.mx\/index.php\/wp-json\/wp\/v2\/posts\/66687\/revisions"}],"predecessor-version":[{"id":66689,"href":"https:\/\/lahora.mx\/index.php\/wp-json\/wp\/v2\/posts\/66687\/revisions\/66689"}],"wp:featuredmedia":[{"embeddable":true,"href":"https:\/\/lahora.mx\/index.php\/wp-json\/wp\/v2\/media\/66688"}],"wp:attachment":[{"href":"https:\/\/lahora.mx\/index.php\/wp-json\/wp\/v2\/media?parent=66687"}],"wp:term":[{"taxonomy":"category","embeddable":true,"href":"https:\/\/lahora.mx\/index.php\/wp-json\/wp\/v2\/categories?post=66687"},{"taxonomy":"post_tag","embeddable":true,"href":"https:\/\/lahora.mx\/index.php\/wp-json\/wp\/v2\/tags?post=66687"}],"curies":[{"name":"wp","href":"https:\/\/api.w.org\/{rel}","templated":true}]}}