{"id":66678,"date":"2025-08-14T00:09:36","date_gmt":"2025-08-14T00:09:36","guid":{"rendered":"https:\/\/lahora.mx\/?p=66678"},"modified":"2025-08-14T00:09:37","modified_gmt":"2025-08-14T00:09:37","slug":"usuarios-reportan-falla-en-whatsapp-este-13-de-agosto-web-no-responde","status":"publish","type":"post","link":"https:\/\/lahora.mx\/index.php\/2025\/08\/14\/usuarios-reportan-falla-en-whatsapp-este-13-de-agosto-web-no-responde\/","title":{"rendered":"Usuarios reportan falla en WhatsApp este 13 de agosto; web no responde"},"content":{"rendered":"\n<p>Este mi\u00e9rcoles 13 de agosto, miles de usuarios en M\u00e9xico y otras partes del mundo reportaron fallas en el funcionamiento de WhatsApp, una de las aplicaciones de mensajer\u00eda m\u00e1s utilizadas. Desde poco despu\u00e9s de la 1 de la tarde, comenzaron a surgir quejas por intermitencias, principalmente en la versi\u00f3n web del servicio.<\/p>\n\n\n\n<p>De acuerdo con el sitio especializado Downdetector, que recopila reportes de errores en plataformas digitales, los problemas comenzaron alrededor de las 13:12 horas, alcanzando un punto cr\u00edtico una hora despu\u00e9s, cuando los reportes se dispararon a las 14:12. La mayor\u00eda de las quejas (alrededor del 84%) se concentraron en WhatsApp Web, mientras que un peque\u00f1o porcentaje se\u00f1al\u00f3 fallas en la conexi\u00f3n al servidor.<\/p>\n\n\n\n<p>En redes sociales, el tema no tard\u00f3 en convertirse en tendencia. Decenas de usuarios compartieron capturas de pantalla y memes, exigiendo el regreso del servicio o buscando confirmar si el problema era generalizado. Como ya es costumbre en estos casos, muchos recurrieron a plataformas como X (antes Twitter) para preguntar: \u201c\u00bfSolo a m\u00ed no me carga el WhatsApp Web?\u201d<\/p>\n\n\n\n<p>Hasta el momento, la empresa propietaria de la aplicaci\u00f3n, Meta, no ha emitido un comunicado oficial que explique las causas de la interrupci\u00f3n ni ha confirmado cu\u00e1nto tiempo podr\u00eda tardar en resolverse por completo el problema.<\/p>\n","protected":false},"excerpt":{"rendered":"<p>Este mi\u00e9rcoles 13 de agosto, miles de usuarios en M\u00e9xico y otras partes del mundo reportaron fallas en el funcionamiento de WhatsApp, una de las aplicaciones de mensajer\u00eda m\u00e1s utilizadas. Desde poco despu\u00e9s de la 1 de la tarde, comenzaron a surgir quejas por intermitencias, principalmente en la versi\u00f3n web del servicio. De acuerdo con [&hellip;]<\/p>\n","protected":false},"author":4,"featured_media":66679,"comment_status":"open","ping_status":"open","sticky":false,"template":"","format":"standard","meta":{"om_disable_all_campaigns":false,"_monsterinsights_skip_tracking":false,"_monsterinsights_sitenote_active":false,"_monsterinsights_sitenote_note":"","_monsterinsights_sitenote_category":0,"footnotes":""},"categories":[181],"tags":[],"class_list":["post-66678","post","type-post","status-publish","format-standard","has-post-thumbnail","hentry","category-tech"],"amp_enabled":true,"_links":{"self":[{"href":"https:\/\/lahora.mx\/index.php\/wp-json\/wp\/v2\/posts\/66678","targetHints":{"allow":["GET"]}}],"collection":[{"href":"https:\/\/lahora.mx\/index.php\/wp-json\/wp\/v2\/posts"}],"about":[{"href":"https:\/\/lahora.mx\/index.php\/wp-json\/wp\/v2\/types\/post"}],"author":[{"embeddable":true,"href":"https:\/\/lahora.mx\/index.php\/wp-json\/wp\/v2\/users\/4"}],"replies":[{"embeddable":true,"href":"https:\/\/lahora.mx\/index.php\/wp-json\/wp\/v2\/comments?post=66678"}],"version-history":[{"count":1,"href":"https:\/\/lahora.mx\/index.php\/wp-json\/wp\/v2\/posts\/66678\/revisions"}],"predecessor-version":[{"id":66680,"href":"https:\/\/lahora.mx\/index.php\/wp-json\/wp\/v2\/posts\/66678\/revisions\/66680"}],"wp:featuredmedia":[{"embeddable":true,"href":"https:\/\/lahora.mx\/index.php\/wp-json\/wp\/v2\/media\/66679"}],"wp:attachment":[{"href":"https:\/\/lahora.mx\/index.php\/wp-json\/wp\/v2\/media?parent=66678"}],"wp:term":[{"taxonomy":"category","embeddable":true,"href":"https:\/\/lahora.mx\/index.php\/wp-json\/wp\/v2\/categories?post=66678"},{"taxonomy":"post_tag","embeddable":true,"href":"https:\/\/lahora.mx\/index.php\/wp-json\/wp\/v2\/tags?post=66678"}],"curies":[{"name":"wp","href":"https:\/\/api.w.org\/{rel}","templated":true}]}}