{"id":66665,"date":"2025-08-13T18:12:21","date_gmt":"2025-08-13T18:12:21","guid":{"rendered":"https:\/\/lahora.mx\/?p=66665"},"modified":"2025-08-13T18:12:22","modified_gmt":"2025-08-13T18:12:22","slug":"autoridades-recuperan-dos-vehiculos-con-reporte-de-robo-en-puebla-capital","status":"publish","type":"post","link":"https:\/\/lahora.mx\/index.php\/2025\/08\/13\/autoridades-recuperan-dos-vehiculos-con-reporte-de-robo-en-puebla-capital\/","title":{"rendered":"Autoridades recuperan dos veh\u00edculos con reporte de robo en Puebla capital"},"content":{"rendered":"\n<p>Resultado de labores de videovigilancia por personal del Centro de Control, Comando, Coordinaci\u00f3n, Comunicaciones, C\u00f3mputo e Inteligencia (C5i) y de la colaboraci\u00f3n entre autoridades de los tres niveles de gobierno, se logr\u00f3 la recuperaci\u00f3n de dos veh\u00edculos con reporte de robo y la detenci\u00f3n de un hombre y una mujer, en distintos puntos de la zona metropolitana.<br><br>En la primera intervenci\u00f3n, tras la alerta emitida desde el C5i, polic\u00edas estatales y de la Ciudad desplegaron un operativo sobre el Perif\u00e9rico Ecol\u00f3gico, a la altura del Bulevar Carmelitas, y detectaron una camioneta Dodge Journey de color azul, con reporte de robo, por lo que detuvieron al conductor identificado como Jos\u00e9 Manuel N.<\/p>\n\n\n\n<p>En un segundo operativo, al que se sumaron elementos de la Secretar\u00eda de Marina, Polic\u00eda Estatal y Polic\u00eda Municipal de Coronango, en San Lorenzo Almecatla fue detenida Jenifer N., quien conduc\u00eda un autom\u00f3vil Hyundai, de color azul reportado como robado en el estado de Tlaxcala.<\/p>\n\n\n\n<p>Para continuar con las investigaciones, las personas detenidas y las unidades quedaron a disposici\u00f3n del Agente del Ministerio P\u00fablico.<\/p>\n","protected":false},"excerpt":{"rendered":"<p>Resultado de labores de videovigilancia por personal del Centro de Control, Comando, Coordinaci\u00f3n, Comunicaciones, C\u00f3mputo e Inteligencia (C5i) y de la colaboraci\u00f3n entre autoridades de los tres niveles de gobierno, se logr\u00f3 la recuperaci\u00f3n de dos veh\u00edculos con reporte de robo y la detenci\u00f3n de un hombre y una mujer, en distintos puntos de la [&hellip;]<\/p>\n","protected":false},"author":4,"featured_media":66666,"comment_status":"open","ping_status":"open","sticky":false,"template":"","format":"standard","meta":{"om_disable_all_campaigns":false,"_monsterinsights_skip_tracking":false,"_monsterinsights_sitenote_active":false,"_monsterinsights_sitenote_note":"","_monsterinsights_sitenote_category":0,"footnotes":""},"categories":[175,226],"tags":[223],"class_list":["post-66665","post","type-post","status-publish","format-standard","has-post-thumbnail","hentry","category-local","category-policia","tag-puebla"],"amp_enabled":true,"_links":{"self":[{"href":"https:\/\/lahora.mx\/index.php\/wp-json\/wp\/v2\/posts\/66665","targetHints":{"allow":["GET"]}}],"collection":[{"href":"https:\/\/lahora.mx\/index.php\/wp-json\/wp\/v2\/posts"}],"about":[{"href":"https:\/\/lahora.mx\/index.php\/wp-json\/wp\/v2\/types\/post"}],"author":[{"embeddable":true,"href":"https:\/\/lahora.mx\/index.php\/wp-json\/wp\/v2\/users\/4"}],"replies":[{"embeddable":true,"href":"https:\/\/lahora.mx\/index.php\/wp-json\/wp\/v2\/comments?post=66665"}],"version-history":[{"count":1,"href":"https:\/\/lahora.mx\/index.php\/wp-json\/wp\/v2\/posts\/66665\/revisions"}],"predecessor-version":[{"id":66667,"href":"https:\/\/lahora.mx\/index.php\/wp-json\/wp\/v2\/posts\/66665\/revisions\/66667"}],"wp:featuredmedia":[{"embeddable":true,"href":"https:\/\/lahora.mx\/index.php\/wp-json\/wp\/v2\/media\/66666"}],"wp:attachment":[{"href":"https:\/\/lahora.mx\/index.php\/wp-json\/wp\/v2\/media?parent=66665"}],"wp:term":[{"taxonomy":"category","embeddable":true,"href":"https:\/\/lahora.mx\/index.php\/wp-json\/wp\/v2\/categories?post=66665"},{"taxonomy":"post_tag","embeddable":true,"href":"https:\/\/lahora.mx\/index.php\/wp-json\/wp\/v2\/tags?post=66665"}],"curies":[{"name":"wp","href":"https:\/\/api.w.org\/{rel}","templated":true}]}}