{"id":66662,"date":"2025-08-13T18:05:17","date_gmt":"2025-08-13T18:05:17","guid":{"rendered":"https:\/\/lahora.mx\/?p=66662"},"modified":"2025-08-13T18:05:18","modified_gmt":"2025-08-13T18:05:18","slug":"cerre-parcial-en-la-mexico-puebla-a-la-altura-de-texmelucan-tras-fuerte-accidente","status":"publish","type":"post","link":"https:\/\/lahora.mx\/index.php\/2025\/08\/13\/cerre-parcial-en-la-mexico-puebla-a-la-altura-de-texmelucan-tras-fuerte-accidente\/","title":{"rendered":"Cerre parcial en la M\u00e9xico-Puebla, a la altura de Texmelucan tras fuerte accidente"},"content":{"rendered":"\n<p>Cierre parcial de circulaci\u00f3n por accidente en la autopista M\u00e9xico-Puebla, con direcci\u00f3n Puebla, atienda indicaci\u00f3n vial. Se pide a los conductores tener paciencia, debido a que existe tr\u00e1fico en la autopista, a la altura de San Mart\u00edn Texmelucan. Aunque el cierre es parcial con direcci\u00f3n a Puebla, ya empieza la fila de unidades sobre la vialidad. Informaci\u00f3n en proceso.<br>Vistas: 182<\/p>\n","protected":false},"excerpt":{"rendered":"<p>Cierre parcial de circulaci\u00f3n por accidente en la autopista M\u00e9xico-Puebla, con direcci\u00f3n Puebla, atienda indicaci\u00f3n vial. Se pide a los conductores tener paciencia, debido a que existe tr\u00e1fico en la autopista, a la altura de San Mart\u00edn Texmelucan. Aunque el cierre es parcial con direcci\u00f3n a Puebla, ya empieza la fila de unidades sobre la [&hellip;]<\/p>\n","protected":false},"author":4,"featured_media":66663,"comment_status":"open","ping_status":"open","sticky":false,"template":"","format":"standard","meta":{"om_disable_all_campaigns":false,"_monsterinsights_skip_tracking":false,"_monsterinsights_sitenote_active":false,"_monsterinsights_sitenote_note":"","_monsterinsights_sitenote_category":0,"footnotes":""},"categories":[175],"tags":[],"class_list":["post-66662","post","type-post","status-publish","format-standard","has-post-thumbnail","hentry","category-local"],"amp_enabled":true,"_links":{"self":[{"href":"https:\/\/lahora.mx\/index.php\/wp-json\/wp\/v2\/posts\/66662","targetHints":{"allow":["GET"]}}],"collection":[{"href":"https:\/\/lahora.mx\/index.php\/wp-json\/wp\/v2\/posts"}],"about":[{"href":"https:\/\/lahora.mx\/index.php\/wp-json\/wp\/v2\/types\/post"}],"author":[{"embeddable":true,"href":"https:\/\/lahora.mx\/index.php\/wp-json\/wp\/v2\/users\/4"}],"replies":[{"embeddable":true,"href":"https:\/\/lahora.mx\/index.php\/wp-json\/wp\/v2\/comments?post=66662"}],"version-history":[{"count":1,"href":"https:\/\/lahora.mx\/index.php\/wp-json\/wp\/v2\/posts\/66662\/revisions"}],"predecessor-version":[{"id":66664,"href":"https:\/\/lahora.mx\/index.php\/wp-json\/wp\/v2\/posts\/66662\/revisions\/66664"}],"wp:featuredmedia":[{"embeddable":true,"href":"https:\/\/lahora.mx\/index.php\/wp-json\/wp\/v2\/media\/66663"}],"wp:attachment":[{"href":"https:\/\/lahora.mx\/index.php\/wp-json\/wp\/v2\/media?parent=66662"}],"wp:term":[{"taxonomy":"category","embeddable":true,"href":"https:\/\/lahora.mx\/index.php\/wp-json\/wp\/v2\/categories?post=66662"},{"taxonomy":"post_tag","embeddable":true,"href":"https:\/\/lahora.mx\/index.php\/wp-json\/wp\/v2\/tags?post=66662"}],"curies":[{"name":"wp","href":"https:\/\/api.w.org\/{rel}","templated":true}]}}