{"id":66656,"date":"2025-08-13T17:41:00","date_gmt":"2025-08-13T17:41:00","guid":{"rendered":"https:\/\/lahora.mx\/?p=66656"},"modified":"2025-08-13T17:41:00","modified_gmt":"2025-08-13T17:41:00","slug":"gobierno-evalua-cuatro-predios-para-reubicar-penal-de-cholula","status":"publish","type":"post","link":"https:\/\/lahora.mx\/index.php\/2025\/08\/13\/gobierno-evalua-cuatro-predios-para-reubicar-penal-de-cholula\/","title":{"rendered":"Gobierno eval\u00faa cuatro predios para reubicar penal de Cholula"},"content":{"rendered":"\n<p>Ante la negativa por parte de los colonos, el Gobierno de Puebla eval\u00faa cuatro posibles predios en los que se podr\u00eda reubicar el Centro de Reinserci\u00f3n Social (Cereso) de Cholula, con opciones que consideran a San Pedro Cholula e Iz\u00facar de Matamoros.<br>No obstante, el estado dej\u00f3 en claro que no ceder\u00e1n a la oposici\u00f3n de un grupo minoritario que impide la instalaci\u00f3n del penal, por lo que se ha venido retrasando la obra.<\/p>\n\n\n\n<p>En palabras del secretario de Gobernaci\u00f3n (Segob), Samuel Aguilar Pala, la situaci\u00f3n podr\u00eda tardar unas semanas m\u00e1s en dictaminar cu\u00e1l de estos espacios ser\u00eda el m\u00e1s conveniente, toda vez que se encuentran en revisi\u00f3n.<\/p>\n\n\n\n<p>Debido a que el inmueble actualmente se encuentra en el centro del municipio, se\u00f1al\u00f3 que tambi\u00e9n existe el aval de la mayor\u00eda de los pobladores para que \u00e9ste sea trasladado a la zona perif\u00e9rica en la que se proyecta.<\/p>\n\n\n\n<p>Si es que se aprueba su reubicaci\u00f3n por una gran parte, el funcionario estatal asegur\u00f3 que se iniciar\u00e1n las obras, sin embargo, dej\u00f3 abierta la puerta a que el reclusorio sea transferido a Iz\u00facar de Matamoros.<\/p>\n\n\n\n<p>El ayuntamiento de este lugar ofreci\u00f3 un predio para dicho fin, siendo as\u00ed que est\u00e1 entre las opciones del Gobierno, con el objetivo de que su construcci\u00f3n inicie durante este mismo a\u00f1o, con los recursos que tienen etiquetados.<\/p>\n\n\n\n<p>La obra que est\u00e1 supervisada por Gobernaci\u00f3n, estima una inversi\u00f3n de aproximadamente 20 millones de pesos, en los que se incluye el edificio con capacidad para albergar a 750 personas privadas de la libertad (PPL).<\/p>\n","protected":false},"excerpt":{"rendered":"<p>Ante la negativa por parte de los colonos, el Gobierno de Puebla eval\u00faa cuatro posibles predios en los que se podr\u00eda reubicar el Centro de Reinserci\u00f3n Social (Cereso) de Cholula, con opciones que consideran a San Pedro Cholula e Iz\u00facar de Matamoros.No obstante, el estado dej\u00f3 en claro que no ceder\u00e1n a la oposici\u00f3n de [&hellip;]<\/p>\n","protected":false},"author":4,"featured_media":66657,"comment_status":"open","ping_status":"open","sticky":false,"template":"","format":"standard","meta":{"om_disable_all_campaigns":false,"_monsterinsights_skip_tracking":false,"_monsterinsights_sitenote_active":false,"_monsterinsights_sitenote_note":"","_monsterinsights_sitenote_category":0,"footnotes":""},"categories":[175],"tags":[234,223],"class_list":["post-66656","post","type-post","status-publish","format-standard","has-post-thumbnail","hentry","category-local","tag-cholula","tag-puebla"],"amp_enabled":true,"_links":{"self":[{"href":"https:\/\/lahora.mx\/index.php\/wp-json\/wp\/v2\/posts\/66656","targetHints":{"allow":["GET"]}}],"collection":[{"href":"https:\/\/lahora.mx\/index.php\/wp-json\/wp\/v2\/posts"}],"about":[{"href":"https:\/\/lahora.mx\/index.php\/wp-json\/wp\/v2\/types\/post"}],"author":[{"embeddable":true,"href":"https:\/\/lahora.mx\/index.php\/wp-json\/wp\/v2\/users\/4"}],"replies":[{"embeddable":true,"href":"https:\/\/lahora.mx\/index.php\/wp-json\/wp\/v2\/comments?post=66656"}],"version-history":[{"count":1,"href":"https:\/\/lahora.mx\/index.php\/wp-json\/wp\/v2\/posts\/66656\/revisions"}],"predecessor-version":[{"id":66658,"href":"https:\/\/lahora.mx\/index.php\/wp-json\/wp\/v2\/posts\/66656\/revisions\/66658"}],"wp:featuredmedia":[{"embeddable":true,"href":"https:\/\/lahora.mx\/index.php\/wp-json\/wp\/v2\/media\/66657"}],"wp:attachment":[{"href":"https:\/\/lahora.mx\/index.php\/wp-json\/wp\/v2\/media?parent=66656"}],"wp:term":[{"taxonomy":"category","embeddable":true,"href":"https:\/\/lahora.mx\/index.php\/wp-json\/wp\/v2\/categories?post=66656"},{"taxonomy":"post_tag","embeddable":true,"href":"https:\/\/lahora.mx\/index.php\/wp-json\/wp\/v2\/tags?post=66656"}],"curies":[{"name":"wp","href":"https:\/\/api.w.org\/{rel}","templated":true}]}}