{"id":66650,"date":"2025-08-13T17:31:22","date_gmt":"2025-08-13T17:31:22","guid":{"rendered":"https:\/\/lahora.mx\/?p=66650"},"modified":"2025-08-13T17:31:22","modified_gmt":"2025-08-13T17:31:22","slug":"persecucion-policiaca-en-atlixco-termina-con-choque-y-detencion","status":"publish","type":"post","link":"https:\/\/lahora.mx\/index.php\/2025\/08\/13\/persecucion-policiaca-en-atlixco-termina-con-choque-y-detencion\/","title":{"rendered":"Persecuci\u00f3n policiaca en Atlixco termina con choque y detenci\u00f3n"},"content":{"rendered":"\n<p>Durante las \u00faltimas horas de este martes una intensa persecuci\u00f3n policiaca sacudi\u00f3 a varias calles de este municipio iniciando en el Crucero El Popo, en la colonia del mismo nombre, y culminando en la colonia Cabrera, zona ubicada a unos 15 minutos de la cabecera y reconocida por su importante cl\u00faster de viveros.<br><br>El operativo involucr\u00f3 varias patrullas y, seg\u00fan versiones extraoficiales, se habr\u00edan registrado detonaciones de arma de fuego. Y eso gener\u00f3 tensi\u00f3n entre vecinos.<\/p>\n\n\n\n<p>La acci\u00f3n comenz\u00f3 cuando las c\u00e1maras de videovigilancia de la Secretar\u00eda de Seguridad P\u00fablica de Atlixco detectaron un tractocami\u00f3n con comportamiento sospechoso en la junta auxiliar de San Jer\u00f3nimo Coyula, a media hora de la ciudad.<\/p>\n\n\n\n<p>Al llegar a otra junta auxiliar, en este caso La Magdalena Axocopan, los uniformados marcaron el alto al conductor de la pesada unidad. Sin embargo, \u00e9ste ignor\u00f3 la orden y embisti\u00f3 una patrulla y desat\u00f3 la persecuci\u00f3n a gran velocidad por las calles y carreteras locales.<\/p>\n\n\n\n<p>Finalmente, el cami\u00f3n qued\u00f3 interceptado y cerrado el paso por las unidades policiacas. En la revisi\u00f3n los agentes hallaron en el interior partes de un tr\u00e1iler previamente desmantelado, presuntamente robadas.<\/p>\n\n\n\n<p>Dos hombres acabaron detenidos y, junto con el tractocami\u00f3n, ya est\u00e1n a disposici\u00f3n de las autoridades ministeriales para las investigaciones correspondientes.<\/p>\n","protected":false},"excerpt":{"rendered":"<p>Durante las \u00faltimas horas de este martes una intensa persecuci\u00f3n policiaca sacudi\u00f3 a varias calles de este municipio iniciando en el Crucero El Popo, en la colonia del mismo nombre, y culminando en la colonia Cabrera, zona ubicada a unos 15 minutos de la cabecera y reconocida por su importante cl\u00faster de viveros. El operativo [&hellip;]<\/p>\n","protected":false},"author":4,"featured_media":66651,"comment_status":"open","ping_status":"open","sticky":false,"template":"","format":"standard","meta":{"om_disable_all_campaigns":false,"_monsterinsights_skip_tracking":false,"_monsterinsights_sitenote_active":false,"_monsterinsights_sitenote_note":"","_monsterinsights_sitenote_category":0,"footnotes":""},"categories":[175],"tags":[223],"class_list":["post-66650","post","type-post","status-publish","format-standard","has-post-thumbnail","hentry","category-local","tag-puebla"],"amp_enabled":true,"_links":{"self":[{"href":"https:\/\/lahora.mx\/index.php\/wp-json\/wp\/v2\/posts\/66650","targetHints":{"allow":["GET"]}}],"collection":[{"href":"https:\/\/lahora.mx\/index.php\/wp-json\/wp\/v2\/posts"}],"about":[{"href":"https:\/\/lahora.mx\/index.php\/wp-json\/wp\/v2\/types\/post"}],"author":[{"embeddable":true,"href":"https:\/\/lahora.mx\/index.php\/wp-json\/wp\/v2\/users\/4"}],"replies":[{"embeddable":true,"href":"https:\/\/lahora.mx\/index.php\/wp-json\/wp\/v2\/comments?post=66650"}],"version-history":[{"count":1,"href":"https:\/\/lahora.mx\/index.php\/wp-json\/wp\/v2\/posts\/66650\/revisions"}],"predecessor-version":[{"id":66652,"href":"https:\/\/lahora.mx\/index.php\/wp-json\/wp\/v2\/posts\/66650\/revisions\/66652"}],"wp:featuredmedia":[{"embeddable":true,"href":"https:\/\/lahora.mx\/index.php\/wp-json\/wp\/v2\/media\/66651"}],"wp:attachment":[{"href":"https:\/\/lahora.mx\/index.php\/wp-json\/wp\/v2\/media?parent=66650"}],"wp:term":[{"taxonomy":"category","embeddable":true,"href":"https:\/\/lahora.mx\/index.php\/wp-json\/wp\/v2\/categories?post=66650"},{"taxonomy":"post_tag","embeddable":true,"href":"https:\/\/lahora.mx\/index.php\/wp-json\/wp\/v2\/tags?post=66650"}],"curies":[{"name":"wp","href":"https:\/\/api.w.org\/{rel}","templated":true}]}}