{"id":66647,"date":"2025-08-13T17:27:09","date_gmt":"2025-08-13T17:27:09","guid":{"rendered":"https:\/\/lahora.mx\/?p=66647"},"modified":"2025-08-13T17:27:09","modified_gmt":"2025-08-13T17:27:09","slug":"ayuntamiento-de-puebla-anuncia-feria-de-regreso-a-clases","status":"publish","type":"post","link":"https:\/\/lahora.mx\/index.php\/2025\/08\/13\/ayuntamiento-de-puebla-anuncia-feria-de-regreso-a-clases\/","title":{"rendered":"Ayuntamiento de Puebla anuncia Feria de Regreso a Clases"},"content":{"rendered":"\n<p>El secretario de Gobernaci\u00f3n del ayuntamiento de Puebla, Francisco Franco Rodr\u00edguez \u00c1lvarez anunci\u00f3 la Feria de Regreso a Clases que se llevar\u00e1 a cabo del 16 al 31 de agosto en el Paseo Bravo.<br><br>Este mi\u00e9rcoles en rueda de prensa, el funcionario municipal anunci\u00f3 que las familias pueden aprovechar dicha actividad desde este fin de semana, para realizar la comprar de \u00fatiles escolares para el regreso a clases de sus hijos para el ciclo escolar 2025-2026.<\/p>\n\n\n\n<p>\u201cEsta es una gran oportunidad por si todav\u00eda tienen pendientes algunas compras de los \u00fatiles escolares, por lo que dicha Feria estar\u00e1 dos semanas completas y estar\u00e1n ofreciendo precios accesibles\u201d, declar\u00f3 Franco Rodr\u00edguez.<\/p>\n\n\n\n<p>Explic\u00f3 que en dicha Feria estar\u00e1n participando diferentes organismos empresariales, as\u00ed como vendedores ambulantes que en su momento estaban instalados en el Centro Hist\u00f3rico. \u201cTendr\u00e1n la oportunidad estar ah\u00ed de manera organizada, de hacer una Feria de Regreso a Clases en beneficio de los padres de familia y alumnos\u201d.<\/p>\n\n\n\n<p>El encargo de la pol\u00edtica interna de la ciudad de Puebla, explic\u00f3 que estar\u00e1n presentes hasta 60 puestos ofertando diferentes art\u00edculos escolares, \u201csolo se har\u00e1 en ese periodo, en una zona delimitada y organizada\u201d.<\/p>\n\n\n\n<p>\u201cEn dicho lugar los tutores y estudiantes de los diferentes niveles escolares podr\u00e1n encontrar la gran mayor\u00eda de \u00fatiles escolares que requieran para empezar las clases en las mejores condiciones\u201d, declar\u00f3 Franco Rodr\u00edguez.<\/p>\n","protected":false},"excerpt":{"rendered":"<p>El secretario de Gobernaci\u00f3n del ayuntamiento de Puebla, Francisco Franco Rodr\u00edguez \u00c1lvarez anunci\u00f3 la Feria de Regreso a Clases que se llevar\u00e1 a cabo del 16 al 31 de agosto en el Paseo Bravo. Este mi\u00e9rcoles en rueda de prensa, el funcionario municipal anunci\u00f3 que las familias pueden aprovechar dicha actividad desde este fin de [&hellip;]<\/p>\n","protected":false},"author":4,"featured_media":66648,"comment_status":"open","ping_status":"open","sticky":false,"template":"","format":"standard","meta":{"om_disable_all_campaigns":false,"_monsterinsights_skip_tracking":false,"_monsterinsights_sitenote_active":false,"_monsterinsights_sitenote_note":"","_monsterinsights_sitenote_category":0,"footnotes":""},"categories":[175],"tags":[223],"class_list":["post-66647","post","type-post","status-publish","format-standard","has-post-thumbnail","hentry","category-local","tag-puebla"],"amp_enabled":true,"_links":{"self":[{"href":"https:\/\/lahora.mx\/index.php\/wp-json\/wp\/v2\/posts\/66647","targetHints":{"allow":["GET"]}}],"collection":[{"href":"https:\/\/lahora.mx\/index.php\/wp-json\/wp\/v2\/posts"}],"about":[{"href":"https:\/\/lahora.mx\/index.php\/wp-json\/wp\/v2\/types\/post"}],"author":[{"embeddable":true,"href":"https:\/\/lahora.mx\/index.php\/wp-json\/wp\/v2\/users\/4"}],"replies":[{"embeddable":true,"href":"https:\/\/lahora.mx\/index.php\/wp-json\/wp\/v2\/comments?post=66647"}],"version-history":[{"count":1,"href":"https:\/\/lahora.mx\/index.php\/wp-json\/wp\/v2\/posts\/66647\/revisions"}],"predecessor-version":[{"id":66649,"href":"https:\/\/lahora.mx\/index.php\/wp-json\/wp\/v2\/posts\/66647\/revisions\/66649"}],"wp:featuredmedia":[{"embeddable":true,"href":"https:\/\/lahora.mx\/index.php\/wp-json\/wp\/v2\/media\/66648"}],"wp:attachment":[{"href":"https:\/\/lahora.mx\/index.php\/wp-json\/wp\/v2\/media?parent=66647"}],"wp:term":[{"taxonomy":"category","embeddable":true,"href":"https:\/\/lahora.mx\/index.php\/wp-json\/wp\/v2\/categories?post=66647"},{"taxonomy":"post_tag","embeddable":true,"href":"https:\/\/lahora.mx\/index.php\/wp-json\/wp\/v2\/tags?post=66647"}],"curies":[{"name":"wp","href":"https:\/\/api.w.org\/{rel}","templated":true}]}}