{"id":66644,"date":"2025-08-13T17:22:40","date_gmt":"2025-08-13T17:22:40","guid":{"rendered":"https:\/\/lahora.mx\/?p=66644"},"modified":"2025-08-13T17:22:40","modified_gmt":"2025-08-13T17:22:40","slug":"hallan-a-adolescente-muerto-en-acatlan","status":"publish","type":"post","link":"https:\/\/lahora.mx\/index.php\/2025\/08\/13\/hallan-a-adolescente-muerto-en-acatlan\/","title":{"rendered":"Hallan a adolescente muerto en Acatl\u00e1n"},"content":{"rendered":"\n<p>Un adolescente de 15 a\u00f1os de edad, identificado como Andr\u00e9s T., quien hab\u00eda sido reportado como desaparecido el pasado viernes 8 de agosto, fue hallado sin vida en el municipio de Acatl\u00e1n de Osorio.<br><br>El joven fue encontrado sobre la Carretera Internacional, a la altura del Barrio Las Nieves, con una motocicleta encima de su cuerpo, en lo que las autoridades presumen fue un accidente de tr\u00e1nsito.<\/p>\n\n\n\n<p>La Secretar\u00eda de Seguridad P\u00fablica de Acatl\u00e1n inform\u00f3 que el hallazgo se registr\u00f3 tras recibir una llamada ciudadana alertando sobre una persona tendida en el suelo, con una motocicleta encima, en un tramo carretero cercano a la gasera Flama Azul, en la v\u00eda Acatl\u00e1n-Huajuapan.<\/p>\n\n\n\n<p>Al arribar al lugar, elementos de seguridad confirmaron que se trataba de Andr\u00e9s T., originario de la comunidad de Texcalapa, municipio de Petlalcingo.<\/p>\n\n\n\n<p>Param\u00e9dicos revisaron al menor y determinaron que ya no presentaba signos vitales.<\/p>\n\n\n\n<p>De acuerdo con los reportes, el adolescente hab\u00eda salido el viernes desde el municipio de Acatl\u00e1n de Osorio con direcci\u00f3n a su comunidad, a bordo de una motocicleta Vent\u00f3 roja con gris, modelo 220 cc, placas 42TLL6. Vest\u00eda pantal\u00f3n negro, playera gris lisa, botas negras y portaba una mochila.<\/p>\n\n\n\n<p>Su familia report\u00f3 la desaparici\u00f3n el mismo d\u00eda en redes sociales, pidiendo apoyo para difundir su ficha de b\u00fasqueda. Durante el fin de semana no se tuvo informaci\u00f3n sobre su paradero, hasta que la ma\u00f1ana de este lunes fue encontrado.<\/p>\n\n\n\n<p>La Fiscal\u00eda General del Estado realiz\u00f3 el levantamiento del cuerpo e inici\u00f3 la carpeta de investigaci\u00f3n para esclarecer las circunstancias del fallecimiento, a fin de confirmar si el deceso fue producto de un accidente o si existi\u00f3 alg\u00fan otro factor.<\/p>\n","protected":false},"excerpt":{"rendered":"<p>Un adolescente de 15 a\u00f1os de edad, identificado como Andr\u00e9s T., quien hab\u00eda sido reportado como desaparecido el pasado viernes 8 de agosto, fue hallado sin vida en el municipio de Acatl\u00e1n de Osorio. El joven fue encontrado sobre la Carretera Internacional, a la altura del Barrio Las Nieves, con una motocicleta encima de su [&hellip;]<\/p>\n","protected":false},"author":4,"featured_media":66645,"comment_status":"open","ping_status":"open","sticky":false,"template":"","format":"standard","meta":{"om_disable_all_campaigns":false,"_monsterinsights_skip_tracking":false,"_monsterinsights_sitenote_active":false,"_monsterinsights_sitenote_note":"","_monsterinsights_sitenote_category":0,"footnotes":""},"categories":[175],"tags":[223],"class_list":["post-66644","post","type-post","status-publish","format-standard","has-post-thumbnail","hentry","category-local","tag-puebla"],"amp_enabled":true,"_links":{"self":[{"href":"https:\/\/lahora.mx\/index.php\/wp-json\/wp\/v2\/posts\/66644","targetHints":{"allow":["GET"]}}],"collection":[{"href":"https:\/\/lahora.mx\/index.php\/wp-json\/wp\/v2\/posts"}],"about":[{"href":"https:\/\/lahora.mx\/index.php\/wp-json\/wp\/v2\/types\/post"}],"author":[{"embeddable":true,"href":"https:\/\/lahora.mx\/index.php\/wp-json\/wp\/v2\/users\/4"}],"replies":[{"embeddable":true,"href":"https:\/\/lahora.mx\/index.php\/wp-json\/wp\/v2\/comments?post=66644"}],"version-history":[{"count":1,"href":"https:\/\/lahora.mx\/index.php\/wp-json\/wp\/v2\/posts\/66644\/revisions"}],"predecessor-version":[{"id":66646,"href":"https:\/\/lahora.mx\/index.php\/wp-json\/wp\/v2\/posts\/66644\/revisions\/66646"}],"wp:featuredmedia":[{"embeddable":true,"href":"https:\/\/lahora.mx\/index.php\/wp-json\/wp\/v2\/media\/66645"}],"wp:attachment":[{"href":"https:\/\/lahora.mx\/index.php\/wp-json\/wp\/v2\/media?parent=66644"}],"wp:term":[{"taxonomy":"category","embeddable":true,"href":"https:\/\/lahora.mx\/index.php\/wp-json\/wp\/v2\/categories?post=66644"},{"taxonomy":"post_tag","embeddable":true,"href":"https:\/\/lahora.mx\/index.php\/wp-json\/wp\/v2\/tags?post=66644"}],"curies":[{"name":"wp","href":"https:\/\/api.w.org\/{rel}","templated":true}]}}