{"id":66641,"date":"2025-08-13T17:14:34","date_gmt":"2025-08-13T17:14:34","guid":{"rendered":"https:\/\/lahora.mx\/?p=66641"},"modified":"2025-08-13T17:14:35","modified_gmt":"2025-08-13T17:14:35","slug":"este-es-el-clima-para-el-dia-de-hoy-en-puebla-capital","status":"publish","type":"post","link":"https:\/\/lahora.mx\/index.php\/2025\/08\/13\/este-es-el-clima-para-el-dia-de-hoy-en-puebla-capital\/","title":{"rendered":"Este es el clima para el d\u00eda de hoy en Puebla capital"},"content":{"rendered":"\n<p>El Gobierno de la Ciudad, a trav\u00e9s del Departamento de Alertamiento de la Direcci\u00f3n de Gesti\u00f3n de Riesgos en Materia de Protecci\u00f3n Civil de la Secretar\u00eda de Gesti\u00f3n y Desarrollo Urbano, informa que para este mi\u00e9rcoles se espera un d\u00eda parcialmente nublado, con condiciones favorables para el desarrollo de lluvias acompa\u00f1adas de tormenta el\u00e9ctrica durante la tarde. Se prev\u00e9 una acumulaci\u00f3n de precipitaci\u00f3n de entre 0 y 5 mm alrededor de las 19:00 horas. La temperatura m\u00e1xima ser\u00e1 de 24\u00b0C, mientras que la m\u00ednima descender\u00e1 a 12\u00b0C.<\/p>\n\n\n\n<p>El \u00edndice de radiaci\u00f3n ultravioleta se mantiene en niveles extremos, por lo que se recomienda evitar la exposici\u00f3n prolongada al sol, especialmente entre las 11:00 y las 16:00 horas. Se sugiere el uso de bloqueador solar, ropa adecuada, lentes con filtro UV y mantenerse bien hidratado. Por otro lado, la calidad del aire se reporta como buena, lo que permite realizar actividades al aire libre en horarios de menor intensidad solar.<\/p>\n\n\n\n<p>El sem\u00e1foro volc\u00e1nico permanece en amarillo fase 2, lo que indica actividad volc\u00e1nica menor, se recomienda mantenerse atento a la informaci\u00f3n oficial. Adem\u00e1s, se exhorta a quienes circulen en motocicleta a extremar precauciones, especialmente durante condiciones de lluvia. Se hace un llamado a utilizar el casco, ropa con aditamentos reflectantes, guantes y calzado adecuado, as\u00ed como reducir la velocidad y mantener una mayor distancia de frenado. En caso de reportes al 072 o al n\u00famero de emergencias 911<\/p>\n","protected":false},"excerpt":{"rendered":"<p>El Gobierno de la Ciudad, a trav\u00e9s del Departamento de Alertamiento de la Direcci\u00f3n de Gesti\u00f3n de Riesgos en Materia de Protecci\u00f3n Civil de la Secretar\u00eda de Gesti\u00f3n y Desarrollo Urbano, informa que para este mi\u00e9rcoles se espera un d\u00eda parcialmente nublado, con condiciones favorables para el desarrollo de lluvias acompa\u00f1adas de tormenta el\u00e9ctrica durante [&hellip;]<\/p>\n","protected":false},"author":4,"featured_media":66642,"comment_status":"open","ping_status":"open","sticky":false,"template":"","format":"standard","meta":{"om_disable_all_campaigns":false,"_monsterinsights_skip_tracking":false,"_monsterinsights_sitenote_active":false,"_monsterinsights_sitenote_note":"","_monsterinsights_sitenote_category":0,"footnotes":""},"categories":[175],"tags":[195,223],"class_list":["post-66641","post","type-post","status-publish","format-standard","has-post-thumbnail","hentry","category-local","tag-principal","tag-puebla"],"amp_enabled":true,"_links":{"self":[{"href":"https:\/\/lahora.mx\/index.php\/wp-json\/wp\/v2\/posts\/66641","targetHints":{"allow":["GET"]}}],"collection":[{"href":"https:\/\/lahora.mx\/index.php\/wp-json\/wp\/v2\/posts"}],"about":[{"href":"https:\/\/lahora.mx\/index.php\/wp-json\/wp\/v2\/types\/post"}],"author":[{"embeddable":true,"href":"https:\/\/lahora.mx\/index.php\/wp-json\/wp\/v2\/users\/4"}],"replies":[{"embeddable":true,"href":"https:\/\/lahora.mx\/index.php\/wp-json\/wp\/v2\/comments?post=66641"}],"version-history":[{"count":1,"href":"https:\/\/lahora.mx\/index.php\/wp-json\/wp\/v2\/posts\/66641\/revisions"}],"predecessor-version":[{"id":66643,"href":"https:\/\/lahora.mx\/index.php\/wp-json\/wp\/v2\/posts\/66641\/revisions\/66643"}],"wp:featuredmedia":[{"embeddable":true,"href":"https:\/\/lahora.mx\/index.php\/wp-json\/wp\/v2\/media\/66642"}],"wp:attachment":[{"href":"https:\/\/lahora.mx\/index.php\/wp-json\/wp\/v2\/media?parent=66641"}],"wp:term":[{"taxonomy":"category","embeddable":true,"href":"https:\/\/lahora.mx\/index.php\/wp-json\/wp\/v2\/categories?post=66641"},{"taxonomy":"post_tag","embeddable":true,"href":"https:\/\/lahora.mx\/index.php\/wp-json\/wp\/v2\/tags?post=66641"}],"curies":[{"name":"wp","href":"https:\/\/api.w.org\/{rel}","templated":true}]}}