{"id":66638,"date":"2025-08-13T02:52:03","date_gmt":"2025-08-13T02:52:03","guid":{"rendered":"https:\/\/lahora.mx\/?p=66638"},"modified":"2025-08-13T02:52:03","modified_gmt":"2025-08-13T02:52:03","slug":"firma-chedraui-convenio-con-anade-para-impulsar-la-formalizacion-y-desarrollo-economico","status":"publish","type":"post","link":"https:\/\/lahora.mx\/index.php\/2025\/08\/13\/firma-chedraui-convenio-con-anade-para-impulsar-la-formalizacion-y-desarrollo-economico\/","title":{"rendered":"Firma Chedraui convenio con ANADE para impulsar la formalizaci\u00f3n y desarrollo econ\u00f3mico"},"content":{"rendered":"\n<p>A trav\u00e9s de la Secretar\u00eda de Econom\u00eda y Turismo, el presidente municipal, Pepe Chedraui, firm\u00f3 un convenio de colaboraci\u00f3n con la Asociaci\u00f3n Nacional de Abogados de Empresa, Secci\u00f3n Puebla, Colegio de Abogados A.C. (ANADE), con el objetivo de proporcionar asesor\u00eda legal gratuita y capacitaciones que fortalezcan la formalizaci\u00f3n de personas productoras, emprendedoras y artesanas bajo el esquema de Econom\u00eda Social.<br>Con esta alianza, se impulsar\u00e1n estrategias para combatir la informalidad, brindar certeza jur\u00eddica en las actividades productivas y promover el consumo local de bienes y servicios elaborados en la capital y sus Juntas Auxiliares.<\/p>\n\n\n\n<p>En su mensaje, el alcalde expres\u00f3 que, siguiendo las indicaciones de la presidenta de la Rep\u00fablica, Claudia Sheinbaum y el gobernador del estado, Alejandro Armenta, el Gobierno de la Ciudad apoya a las micro y peque\u00f1as empresas que son los generadoras n\u00famero uno de la creaci\u00f3n de empleos.<\/p>\n\n\n\n<p>\u201cEs algo importante este convenio, creo que nos da para hacer muchas cosas. En el Gobierno de la Ciudad hemos implementado la gratuidad de muchos servicios y muchos derechos que se tienen para muchos peque\u00f1os y medianos negocios para que podamos fomentar la creaci\u00f3n de estos empleos\u201d, subray\u00f3.<\/p>\n\n\n\n<p>Destac\u00f3 que este acuerdo permitir\u00e1 a las y los emprendedores acceder a herramientas legales clave para su crecimiento, como el registro empresarial, alta ante el Servicio de Administraci\u00f3n Tributaria (SAT), r\u00e9gimen y obligaciones fiscales, registro de marca y derechos de autor ante el Instituto Mexicano de la Propiedad Industrial (IMPI).<\/p>\n\n\n\n<p>Jaime Gabriel L\u00f3pez y Porras, presidente de la Asociaci\u00f3n Nacional de Abogados de Empresas de Puebla (ANADE), expres\u00f3 que este acro refrenda el compromiso con el desarrollo econ\u00f3mico, jur\u00eddico y social de M\u00e9xico y Puebla. Precis\u00f3 que la asociaci\u00f3n fue fundada en 1970 y tienen presencia nacional en nueve estados: Baja California, Comarca Lagunera, Chihuahua, Jalisco, Nuevo Le\u00f3n, Puebla, Quer\u00e9taro, Quintana Roo y Yucat\u00e1n.<\/p>\n\n\n\n<p>\u201cHoy firmamos un acuerdo con el municipio de Puebla, una ciudad que es un ejemplo de tradici\u00f3n, innovaci\u00f3n, dinamismo econ\u00f3mico. Este convenio permitir\u00e1 que los miembros de ANADE, que afortunadamente somos 120, brinden capacitaciones especializadas en temas legales clave para emprendedores y asesor\u00eda gratuita; porque el derecho no debe de ser un lujo sino una herramienta al alcance de todos\u201d, agreg\u00f3.<\/p>\n\n\n\n<p>El secretario de Econom\u00eda y Turismo, Jaime Oropeza Casas, destac\u00f3 que, gracias a este convenio de colaboraci\u00f3n, los abogados de la ANADE brindar\u00e1n sus conocimientos, experiencia y tiempo para asesorar a micro y peque\u00f1os empresarios, lo mismo que a emprendedores a fundamentar correctamente sus proyectos y operaciones, para evitar contratiempos y dificultades que impidan su desarrollo.<\/p>\n\n\n\n<p>Entre las asesor\u00edas que dar\u00e1n a las y los poblanos se encuentran los relativos a tr\u00e1mites como apertura de empresa, constituci\u00f3n legal de una sociedad, tipos de sociedades, elaboraci\u00f3n de contratos laborales, de compra y arrendamientos, por ejemplo.<\/p>\n\n\n\n<p>De esta manera, subray\u00f3, el Gobierno de la Ciudad, a trav\u00e9s de la Secretar\u00eda de Econom\u00eda y Turismo, apoya a emprendedores y empresarios a contar con los conocimientos y herramientas para fortalecer sus negocios y evitar que, como revelan las estad\u00edsticas, fenezcan antes de los dos a\u00f1os de existencia.<\/p>\n\n\n\n<p>Entre los beneficios de la formalizaci\u00f3n se encuentran el acceso a cr\u00e9ditos, programas de apoyo financiero, mayor confiabilidad ante clientes y proveedores, y mejores oportunidades de crecimiento estructurado y sostenible. Asimismo, la iniciativa fomenta el comercio justo y visibiliza la producci\u00f3n local.<\/p>\n\n\n\n<p>Al t\u00e9rmino del acto protocolario, se imparti\u00f3 la primera capacitaci\u00f3n titulada ABC Legal para Emprendedores: Estructuras, Obligaciones y Formalizaci\u00f3n en el Comercio Mexicano, en el Auditorio Torre UMA.<\/p>\n\n\n\n<p>Con estas acciones, el Gobierno de la Ciudad refrenda su compromiso con la generaci\u00f3n de alianzas estrat\u00e9gicas que impulsen el desarrollo econ\u00f3mico, fortalezcan la profesionalizaci\u00f3n y promuevan una econom\u00eda local s\u00f3lida y sostenible.<\/p>\n","protected":false},"excerpt":{"rendered":"<p>A trav\u00e9s de la Secretar\u00eda de Econom\u00eda y Turismo, el presidente municipal, Pepe Chedraui, firm\u00f3 un convenio de colaboraci\u00f3n con la Asociaci\u00f3n Nacional de Abogados de Empresa, Secci\u00f3n Puebla, Colegio de Abogados A.C. (ANADE), con el objetivo de proporcionar asesor\u00eda legal gratuita y capacitaciones que fortalezcan la formalizaci\u00f3n de personas productoras, emprendedoras y artesanas bajo [&hellip;]<\/p>\n","protected":false},"author":4,"featured_media":66639,"comment_status":"open","ping_status":"open","sticky":false,"template":"","format":"standard","meta":{"om_disable_all_campaigns":false,"_monsterinsights_skip_tracking":false,"_monsterinsights_sitenote_active":false,"_monsterinsights_sitenote_note":"","_monsterinsights_sitenote_category":0,"footnotes":""},"categories":[5],"tags":[223],"class_list":["post-66638","post","type-post","status-publish","format-standard","has-post-thumbnail","hentry","category-politica","tag-puebla"],"amp_enabled":true,"_links":{"self":[{"href":"https:\/\/lahora.mx\/index.php\/wp-json\/wp\/v2\/posts\/66638","targetHints":{"allow":["GET"]}}],"collection":[{"href":"https:\/\/lahora.mx\/index.php\/wp-json\/wp\/v2\/posts"}],"about":[{"href":"https:\/\/lahora.mx\/index.php\/wp-json\/wp\/v2\/types\/post"}],"author":[{"embeddable":true,"href":"https:\/\/lahora.mx\/index.php\/wp-json\/wp\/v2\/users\/4"}],"replies":[{"embeddable":true,"href":"https:\/\/lahora.mx\/index.php\/wp-json\/wp\/v2\/comments?post=66638"}],"version-history":[{"count":1,"href":"https:\/\/lahora.mx\/index.php\/wp-json\/wp\/v2\/posts\/66638\/revisions"}],"predecessor-version":[{"id":66640,"href":"https:\/\/lahora.mx\/index.php\/wp-json\/wp\/v2\/posts\/66638\/revisions\/66640"}],"wp:featuredmedia":[{"embeddable":true,"href":"https:\/\/lahora.mx\/index.php\/wp-json\/wp\/v2\/media\/66639"}],"wp:attachment":[{"href":"https:\/\/lahora.mx\/index.php\/wp-json\/wp\/v2\/media?parent=66638"}],"wp:term":[{"taxonomy":"category","embeddable":true,"href":"https:\/\/lahora.mx\/index.php\/wp-json\/wp\/v2\/categories?post=66638"},{"taxonomy":"post_tag","embeddable":true,"href":"https:\/\/lahora.mx\/index.php\/wp-json\/wp\/v2\/tags?post=66638"}],"curies":[{"name":"wp","href":"https:\/\/api.w.org\/{rel}","templated":true}]}}