{"id":66635,"date":"2025-08-13T02:34:13","date_gmt":"2025-08-13T02:34:13","guid":{"rendered":"https:\/\/lahora.mx\/?p=66635"},"modified":"2025-08-13T02:34:14","modified_gmt":"2025-08-13T02:34:14","slug":"rectora-lilia-cedillo-da-la-bienvenida-a-estudiantes-de-derecho-y-economia","status":"publish","type":"post","link":"https:\/\/lahora.mx\/index.php\/2025\/08\/13\/rectora-lilia-cedillo-da-la-bienvenida-a-estudiantes-de-derecho-y-economia\/","title":{"rendered":"Rectora Lilia Cedillo da la bienvenida a estudiantes de Derecho y Econom\u00eda"},"content":{"rendered":"\n<p>Como parte de las actividades de bienvenida para los estudiantes de nuevo ingreso, la rectora Lilia Cedillo realiz\u00f3 un recorrido por las instalaciones de las facultades de Derecho y Econom\u00eda, donde convivi\u00f3 con los alumnos, quienes disfrutaron de un programa recreativo que se organiz\u00f3 para recibirlos.<\/p>\n\n\n\n<p>Con muestras de apoyo y un ambiente de alegr\u00eda, los j\u00f3venes aprovecharon para intercambiar impresiones con la Rectora, quien tambi\u00e9n devel\u00f3 en la Facultad de Derecho una placa en la sala de maestros, con el nombre del acad\u00e9mico Marco Antonio Montes de Oca Lim\u00f3n.<\/p>\n\n\n\n<p>Durante la visita, la doctora Lilia Cedillo convers\u00f3 tambi\u00e9n con alumnos de Econom\u00eda, de quienes escuch\u00f3 inquietudes sobre la posibilidad de invitar a conferencistas de renombre que nutran sus conocimientos, as\u00ed como la realizaci\u00f3n de actividades acad\u00e9micas. Le agradecieron el apoyo para los egresados de preparatorias BUAP, quienes se sumaron a la comunidad estudiantil de esta facultad.<\/p>\n\n\n\n<p>La doctora Cedillo relat\u00f3 su experiencia durante la pandemia, al tiempo de ratificar su compromiso de mantenerse cercana a los estudiantes. En ambas facultades de Derecho y Econom\u00eda, la rectora dio una c\u00e1lida bienvenida a los alumnos de nuevo ingreso y de semestres anteriores, adem\u00e1s de desearles \u00e9xito en esta nueva etapa de su formaci\u00f3n.<\/p>\n","protected":false},"excerpt":{"rendered":"<p>Como parte de las actividades de bienvenida para los estudiantes de nuevo ingreso, la rectora Lilia Cedillo realiz\u00f3 un recorrido por las instalaciones de las facultades de Derecho y Econom\u00eda, donde convivi\u00f3 con los alumnos, quienes disfrutaron de un programa recreativo que se organiz\u00f3 para recibirlos. Con muestras de apoyo y un ambiente de alegr\u00eda, [&hellip;]<\/p>\n","protected":false},"author":4,"featured_media":66636,"comment_status":"open","ping_status":"open","sticky":false,"template":"","format":"standard","meta":{"om_disable_all_campaigns":false,"_monsterinsights_skip_tracking":false,"_monsterinsights_sitenote_active":false,"_monsterinsights_sitenote_note":"","_monsterinsights_sitenote_category":0,"footnotes":""},"categories":[175],"tags":[186,223],"class_list":["post-66635","post","type-post","status-publish","format-standard","has-post-thumbnail","hentry","category-local","tag-buap","tag-puebla"],"amp_enabled":true,"_links":{"self":[{"href":"https:\/\/lahora.mx\/index.php\/wp-json\/wp\/v2\/posts\/66635","targetHints":{"allow":["GET"]}}],"collection":[{"href":"https:\/\/lahora.mx\/index.php\/wp-json\/wp\/v2\/posts"}],"about":[{"href":"https:\/\/lahora.mx\/index.php\/wp-json\/wp\/v2\/types\/post"}],"author":[{"embeddable":true,"href":"https:\/\/lahora.mx\/index.php\/wp-json\/wp\/v2\/users\/4"}],"replies":[{"embeddable":true,"href":"https:\/\/lahora.mx\/index.php\/wp-json\/wp\/v2\/comments?post=66635"}],"version-history":[{"count":1,"href":"https:\/\/lahora.mx\/index.php\/wp-json\/wp\/v2\/posts\/66635\/revisions"}],"predecessor-version":[{"id":66637,"href":"https:\/\/lahora.mx\/index.php\/wp-json\/wp\/v2\/posts\/66635\/revisions\/66637"}],"wp:featuredmedia":[{"embeddable":true,"href":"https:\/\/lahora.mx\/index.php\/wp-json\/wp\/v2\/media\/66636"}],"wp:attachment":[{"href":"https:\/\/lahora.mx\/index.php\/wp-json\/wp\/v2\/media?parent=66635"}],"wp:term":[{"taxonomy":"category","embeddable":true,"href":"https:\/\/lahora.mx\/index.php\/wp-json\/wp\/v2\/categories?post=66635"},{"taxonomy":"post_tag","embeddable":true,"href":"https:\/\/lahora.mx\/index.php\/wp-json\/wp\/v2\/tags?post=66635"}],"curies":[{"name":"wp","href":"https:\/\/api.w.org\/{rel}","templated":true}]}}