{"id":6663,"date":"2022-05-09T14:14:07","date_gmt":"2022-05-09T14:14:07","guid":{"rendered":"http:\/\/lahora.mx\/?p=6663"},"modified":"2022-05-09T14:14:08","modified_gmt":"2022-05-09T14:14:08","slug":"inflacion-vuelve-a-acelerar-precios-aumentaron-7-68-en-abril","status":"publish","type":"post","link":"https:\/\/lahora.mx\/index.php\/2022\/05\/09\/inflacion-vuelve-a-acelerar-precios-aumentaron-7-68-en-abril\/","title":{"rendered":"Inflaci\u00f3n vuelve a acelerar; precios aumentaron 7.68% en abril"},"content":{"rendered":"\n<p>Nuevamente, la&nbsp;<strong>inflaci\u00f3n<\/strong>&nbsp;se aceler\u00f3 en el mes de abril, registrando el nivel m\u00e1s alto desde enero del 2001, de acuerdo con los datos divulgados este lunes por el&nbsp;<strong>Instituto Nacional de Estad\u00edstica y Geograf\u00eda<\/strong>&nbsp;(Inegi).<\/p>\n\n\n\n<p>En el cuarto mes del a\u00f1o, el&nbsp;<strong>\u00cdndice Nacional de Precios al Consumidor<\/strong>&nbsp;(INPC) mostr\u00f3 un incremento de 0.54%, con lo que a tasa anual la inflaci\u00f3n alcanz\u00f3 un nivel de 7.68 por ciento.<\/p>\n\n\n\n<p>Esto es su tercer registro aceler\u00e1ndose de manera consecutiva, y 14 meses al hilo que la inflaci\u00f3n se ubica por arriba del objetivo de Banco de M\u00e9xico (Banxico) de 3% +\/-1 punto porcentual.<\/p>\n\n\n\n<p>Si bien los precios siguieron en aumento, el dato de abril signific\u00f3 una sorpresa para el mercado que, dada la coyuntura actual, esperaba una tasa de. 7.72 por ciento.<\/p>\n\n\n\n<p>La inflaci\u00f3n ha sido el tema que ha prendido los focos rojos alrededor del mundo, por los altos niveles que ha alcanzado y que se ha visto presionada, a\u00fan m\u00e1s, con la invasi\u00f3n de Rusia a Ucrania.<\/p>\n\n\n\n<p>Por ello, la semana pasada el gobierno de\u00a0<strong>Andr\u00e9s Manuel L\u00f3pez Obrador<\/strong>\u00a0present\u00f3 el Paquete Contra la Inflaci\u00f3n y la Carest\u00eda (<strong>PACIC<\/strong>), el cual contiene 16 medidas para enfrentar los altos niveles de inflaci\u00f3n, cuya duraci\u00f3n ser\u00e1 de seis meses.<\/p>\n\n\n\n<p>No obstante, si bien el\u00a0<strong>PACIC<\/strong>\u00a0puede ayudar a enfrentar el alza de precios, analistas no esperan que tenga un impacto significativo, a diferencia del discurso del gobierno.<\/p>\n\n\n\n<p>El informe del Inegi muestra que las alzas de los productos y servicios fueron generalizadas, con un mayor peso desde el \u00edndice subyacente &#8211; en el cual presta su atenci\u00f3n&nbsp;<strong>Banxico<\/strong>&#8211; con una variaci\u00f3n anual de 7.22 por ciento.<\/p>\n\n\n\n<p>Dentro de este, el rubro de mercanc\u00edas mostr\u00f3 un alza de precios promedio de 9.33%, explicada principalmente por el aumento de 10.88% de los alimentos, bebidas y tabaco.<\/p>\n\n\n\n<p>En el caso de los servicios, la&nbsp;<strong>inflaci\u00f3n<\/strong>&nbsp;fue de 4.83 por ciento.<\/p>\n\n\n\n<p>La inflaci\u00f3n no subyacente, por su parte, mostr\u00f3 una tasa anual de 9.07 por ciento.&nbsp; En este rubro, los productos agropecuarios fueron los que mostraron los mayores incrementos, con 14.36 por ciento.<\/p>\n","protected":false},"excerpt":{"rendered":"<p>Nuevamente, la&nbsp;inflaci\u00f3n&nbsp;se aceler\u00f3 en el mes de abril, registrando el nivel m\u00e1s alto desde enero del 2001, de acuerdo con los datos divulgados este lunes por el&nbsp;Instituto Nacional de Estad\u00edstica y Geograf\u00eda&nbsp;(Inegi). En el cuarto mes del a\u00f1o, el&nbsp;\u00cdndice Nacional de Precios al Consumidor&nbsp;(INPC) mostr\u00f3 un incremento de 0.54%, con lo que a tasa anual [&hellip;]<\/p>\n","protected":false},"author":4,"featured_media":6664,"comment_status":"open","ping_status":"open","sticky":false,"template":"","format":"standard","meta":{"om_disable_all_campaigns":false,"_monsterinsights_skip_tracking":false,"_monsterinsights_sitenote_active":false,"_monsterinsights_sitenote_note":"","_monsterinsights_sitenote_category":0,"footnotes":""},"categories":[176],"tags":[],"class_list":["post-6663","post","type-post","status-publish","format-standard","has-post-thumbnail","hentry","category-nacional"],"amp_enabled":true,"_links":{"self":[{"href":"https:\/\/lahora.mx\/index.php\/wp-json\/wp\/v2\/posts\/6663","targetHints":{"allow":["GET"]}}],"collection":[{"href":"https:\/\/lahora.mx\/index.php\/wp-json\/wp\/v2\/posts"}],"about":[{"href":"https:\/\/lahora.mx\/index.php\/wp-json\/wp\/v2\/types\/post"}],"author":[{"embeddable":true,"href":"https:\/\/lahora.mx\/index.php\/wp-json\/wp\/v2\/users\/4"}],"replies":[{"embeddable":true,"href":"https:\/\/lahora.mx\/index.php\/wp-json\/wp\/v2\/comments?post=6663"}],"version-history":[{"count":1,"href":"https:\/\/lahora.mx\/index.php\/wp-json\/wp\/v2\/posts\/6663\/revisions"}],"predecessor-version":[{"id":6665,"href":"https:\/\/lahora.mx\/index.php\/wp-json\/wp\/v2\/posts\/6663\/revisions\/6665"}],"wp:featuredmedia":[{"embeddable":true,"href":"https:\/\/lahora.mx\/index.php\/wp-json\/wp\/v2\/media\/6664"}],"wp:attachment":[{"href":"https:\/\/lahora.mx\/index.php\/wp-json\/wp\/v2\/media?parent=6663"}],"wp:term":[{"taxonomy":"category","embeddable":true,"href":"https:\/\/lahora.mx\/index.php\/wp-json\/wp\/v2\/categories?post=6663"},{"taxonomy":"post_tag","embeddable":true,"href":"https:\/\/lahora.mx\/index.php\/wp-json\/wp\/v2\/tags?post=6663"}],"curies":[{"name":"wp","href":"https:\/\/api.w.org\/{rel}","templated":true}]}}