{"id":66626,"date":"2025-08-13T00:59:15","date_gmt":"2025-08-13T00:59:15","guid":{"rendered":"https:\/\/lahora.mx\/?p=66626"},"modified":"2025-08-13T00:59:15","modified_gmt":"2025-08-13T00:59:15","slug":"alistan-feria-de-regreso-a-clases-2025-en-san-pedro-cholula","status":"publish","type":"post","link":"https:\/\/lahora.mx\/index.php\/2025\/08\/13\/alistan-feria-de-regreso-a-clases-2025-en-san-pedro-cholula\/","title":{"rendered":"Alistan Feria de Regreso a Clases 2025 en San Pedro Cholula"},"content":{"rendered":"\n<p>El Gobierno del Estado de Puebla, que encabeza el gobernador Alejandro Armenta, en coordinaci\u00f3n con la Procuradur\u00eda Federal del Consumidor (PROFECO) y con el respaldo de la Secretar\u00eda de Educaci\u00f3n P\u00fablica estatal, anunci\u00f3 la realizaci\u00f3n de la Feria de Regreso a Clases 2025, que se llevar\u00e1 a cabo del 16 al 18 de agosto en el Complejo Cultural Cholula, en el municipio de San Pedro Cholula.<br><br>Este encuentro tiene como objetivo fortalecer la econom\u00eda familiar ante el inicio del ciclo escolar 2025-2026 y que garantice las condiciones de seguridad y transparencia en las compras. Participar\u00e1n diversos proveedores que ofrecer\u00e1n productos esenciales para el regreso a clases, como \u00fatiles escolares, calzado, mochilas, lentes y art\u00edculos did\u00e1cticos, todos con precios accesibles y calidad garantizada.<\/p>\n\n\n\n<p>Durante el anuncio del evento, el secretario de Educaci\u00f3n P\u00fablica del Estado de Puebla, Manuel Viveros Narciso, destac\u00f3 que la educaci\u00f3n es un derecho que no debe verse limitado por la situaci\u00f3n econ\u00f3mica de las familias. \u201cEsta muestra no significa solo abrir las puertas de una escuela, sino brindar las condiciones necesarias para que las y los estudiantes cuenten con lo indispensable para su desarrollo acad\u00e9mico\u201d, expres\u00f3.<\/p>\n\n\n\n<p>La presidenta de M\u00e9xico, Claudia Sheinbaum Pardo, ha reiterado que el acceso a la educaci\u00f3n y la protecci\u00f3n de la econom\u00eda familiar son prioridades nacionales. En Puebla, esta visi\u00f3n se fortalece con acciones como la Feria de Regreso a Clases, que adem\u00e1s fomenta un entorno seguro y confiable para el consumo.<\/p>\n\n\n\n<p>El evento contar\u00e1 con la participaci\u00f3n y apoyo de la Secretar\u00eda de Desarrollo Econ\u00f3mico y Trabajo, que dirige V\u00edctor Gabriel Chedraui, y de la Oficina de Defensa del Consumidor (ODECO) Zona General Ignacio Zaragoza de PROFECO, que encabeza Uriel Erazo Garc\u00eda, quienes coincidieron en que la transparencia y el acceso a productos de calidad son la base de la confianza ciudadana.<\/p>\n\n\n\n<p>La Feria de Regreso a Clases 2025 se consolida como una iniciativa clave para garantizar que ning\u00fan estudiante en Puebla y su regi\u00f3n quede sin las herramientas necesarias para iniciar el ciclo escolar. Asimismo, reafirma el compromiso de las autoridades federales, estatales y municipales con la educaci\u00f3n y el bienestar de las familias.<\/p>\n","protected":false},"excerpt":{"rendered":"<p>El Gobierno del Estado de Puebla, que encabeza el gobernador Alejandro Armenta, en coordinaci\u00f3n con la Procuradur\u00eda Federal del Consumidor (PROFECO) y con el respaldo de la Secretar\u00eda de Educaci\u00f3n P\u00fablica estatal, anunci\u00f3 la realizaci\u00f3n de la Feria de Regreso a Clases 2025, que se llevar\u00e1 a cabo del 16 al 18 de agosto en [&hellip;]<\/p>\n","protected":false},"author":4,"featured_media":66627,"comment_status":"open","ping_status":"open","sticky":false,"template":"","format":"standard","meta":{"om_disable_all_campaigns":false,"_monsterinsights_skip_tracking":false,"_monsterinsights_sitenote_active":false,"_monsterinsights_sitenote_note":"","_monsterinsights_sitenote_category":0,"footnotes":""},"categories":[176],"tags":[234,223],"class_list":["post-66626","post","type-post","status-publish","format-standard","has-post-thumbnail","hentry","category-nacional","tag-cholula","tag-puebla"],"amp_enabled":true,"_links":{"self":[{"href":"https:\/\/lahora.mx\/index.php\/wp-json\/wp\/v2\/posts\/66626","targetHints":{"allow":["GET"]}}],"collection":[{"href":"https:\/\/lahora.mx\/index.php\/wp-json\/wp\/v2\/posts"}],"about":[{"href":"https:\/\/lahora.mx\/index.php\/wp-json\/wp\/v2\/types\/post"}],"author":[{"embeddable":true,"href":"https:\/\/lahora.mx\/index.php\/wp-json\/wp\/v2\/users\/4"}],"replies":[{"embeddable":true,"href":"https:\/\/lahora.mx\/index.php\/wp-json\/wp\/v2\/comments?post=66626"}],"version-history":[{"count":1,"href":"https:\/\/lahora.mx\/index.php\/wp-json\/wp\/v2\/posts\/66626\/revisions"}],"predecessor-version":[{"id":66628,"href":"https:\/\/lahora.mx\/index.php\/wp-json\/wp\/v2\/posts\/66626\/revisions\/66628"}],"wp:featuredmedia":[{"embeddable":true,"href":"https:\/\/lahora.mx\/index.php\/wp-json\/wp\/v2\/media\/66627"}],"wp:attachment":[{"href":"https:\/\/lahora.mx\/index.php\/wp-json\/wp\/v2\/media?parent=66626"}],"wp:term":[{"taxonomy":"category","embeddable":true,"href":"https:\/\/lahora.mx\/index.php\/wp-json\/wp\/v2\/categories?post=66626"},{"taxonomy":"post_tag","embeddable":true,"href":"https:\/\/lahora.mx\/index.php\/wp-json\/wp\/v2\/tags?post=66626"}],"curies":[{"name":"wp","href":"https:\/\/api.w.org\/{rel}","templated":true}]}}