{"id":66604,"date":"2025-08-12T17:39:19","date_gmt":"2025-08-12T17:39:19","guid":{"rendered":"https:\/\/lahora.mx\/?p=66604"},"modified":"2025-08-12T17:39:20","modified_gmt":"2025-08-12T17:39:20","slug":"puebla-alista-proyectos-de-turismo-cientifico-en-telescopio-milimetrico-y-los-humeros","status":"publish","type":"post","link":"https:\/\/lahora.mx\/index.php\/2025\/08\/12\/puebla-alista-proyectos-de-turismo-cientifico-en-telescopio-milimetrico-y-los-humeros\/","title":{"rendered":"Puebla alista proyectos de turismo cient\u00edfico en Telescopio Milim\u00e9trico y Los Humeros"},"content":{"rendered":"\n<p>En el marco de la conferencia matutina encabezada por el gobernador Alejandro Armenta, Rom\u00e1n Meyer, director de Proyectos Estrat\u00e9gicos de la Secretar\u00eda de Infraestructura, dio a conocer que Puebla avanza en dos iniciativas clave: el desarrollo tur\u00edstico del Gran Telescopio Milim\u00e9trico y el Campo Geot\u00e9rmico de Los Humeros, con el objetivo de detonarlos para 2026.<br><br>Meyer explic\u00f3 que ya se trabaja en la elaboraci\u00f3n del proyecto conceptual y arquitect\u00f3nico que permitir\u00e1 atraer turismo nacional e internacional a estas instalaciones. Destac\u00f3 que el Gran Telescopio Milim\u00e9trico no solo es un referente en M\u00e9xico, sino que forma parte de una red de 17 telescopios distribuidos en distintas partes del mundo, que colaboran en investigaciones de alto nivel sobre agujeros negros y nuevos horizontes en el espacio.<\/p>\n\n\n\n<p>El funcionario resalt\u00f3 que la meta es promover el turismo cient\u00edfico y acercar a visitantes locales, nacionales y extranjeros a este tipo de infraestructuras de relevancia mundial. Para ello, se coordina con la Secretar\u00eda de Infraestructura, Comunicaciones y Transportes, encabezada por Jes\u00fas Esteban, as\u00ed como con el gobierno estatal, para avanzar en los estudios y planes necesarios.<\/p>\n\n\n\n<p>Respecto al Campo Geot\u00e9rmico de Los Humeros, Meyer subray\u00f3 que, aunque es un sitio ya conocido en Puebla, se busca su reconversi\u00f3n para potenciar el desarrollo tur\u00edstico de la zona, aprovechando su valor natural y energ\u00e9tico. Ambos proyectos forman parte de una estrategia para posicionar al estado como un referente en turismo cient\u00edfico y energ\u00edas renovables.<\/p>\n","protected":false},"excerpt":{"rendered":"<p>En el marco de la conferencia matutina encabezada por el gobernador Alejandro Armenta, Rom\u00e1n Meyer, director de Proyectos Estrat\u00e9gicos de la Secretar\u00eda de Infraestructura, dio a conocer que Puebla avanza en dos iniciativas clave: el desarrollo tur\u00edstico del Gran Telescopio Milim\u00e9trico y el Campo Geot\u00e9rmico de Los Humeros, con el objetivo de detonarlos para 2026. [&hellip;]<\/p>\n","protected":false},"author":4,"featured_media":66605,"comment_status":"open","ping_status":"open","sticky":false,"template":"","format":"standard","meta":{"om_disable_all_campaigns":false,"_monsterinsights_skip_tracking":false,"_monsterinsights_sitenote_active":false,"_monsterinsights_sitenote_note":"","_monsterinsights_sitenote_category":0,"footnotes":""},"categories":[175],"tags":[223],"class_list":["post-66604","post","type-post","status-publish","format-standard","has-post-thumbnail","hentry","category-local","tag-puebla"],"amp_enabled":true,"_links":{"self":[{"href":"https:\/\/lahora.mx\/index.php\/wp-json\/wp\/v2\/posts\/66604","targetHints":{"allow":["GET"]}}],"collection":[{"href":"https:\/\/lahora.mx\/index.php\/wp-json\/wp\/v2\/posts"}],"about":[{"href":"https:\/\/lahora.mx\/index.php\/wp-json\/wp\/v2\/types\/post"}],"author":[{"embeddable":true,"href":"https:\/\/lahora.mx\/index.php\/wp-json\/wp\/v2\/users\/4"}],"replies":[{"embeddable":true,"href":"https:\/\/lahora.mx\/index.php\/wp-json\/wp\/v2\/comments?post=66604"}],"version-history":[{"count":1,"href":"https:\/\/lahora.mx\/index.php\/wp-json\/wp\/v2\/posts\/66604\/revisions"}],"predecessor-version":[{"id":66606,"href":"https:\/\/lahora.mx\/index.php\/wp-json\/wp\/v2\/posts\/66604\/revisions\/66606"}],"wp:featuredmedia":[{"embeddable":true,"href":"https:\/\/lahora.mx\/index.php\/wp-json\/wp\/v2\/media\/66605"}],"wp:attachment":[{"href":"https:\/\/lahora.mx\/index.php\/wp-json\/wp\/v2\/media?parent=66604"}],"wp:term":[{"taxonomy":"category","embeddable":true,"href":"https:\/\/lahora.mx\/index.php\/wp-json\/wp\/v2\/categories?post=66604"},{"taxonomy":"post_tag","embeddable":true,"href":"https:\/\/lahora.mx\/index.php\/wp-json\/wp\/v2\/tags?post=66604"}],"curies":[{"name":"wp","href":"https:\/\/api.w.org\/{rel}","templated":true}]}}