{"id":66595,"date":"2025-08-12T16:30:49","date_gmt":"2025-08-12T16:30:49","guid":{"rendered":"https:\/\/lahora.mx\/?p=66595"},"modified":"2025-08-12T16:30:49","modified_gmt":"2025-08-12T16:30:49","slug":"en-septiembre-llegara-la-ruta-del-mole-a-san-andres-cholula","status":"publish","type":"post","link":"https:\/\/lahora.mx\/index.php\/2025\/08\/12\/en-septiembre-llegara-la-ruta-del-mole-a-san-andres-cholula\/","title":{"rendered":"En septiembre llegar\u00e1 la ruta del mole a San Andr\u00e9s Cholula"},"content":{"rendered":"\n<p>En septiembre se vivir\u00e1 el sabor y saz\u00f3n de cocineras tradicionales al celebrarse la Ruta del Mole, as\u00ed lo inform\u00f3 la titular de cultura y turismo en el municipio de San Andr\u00e9s Cholula, Eva Mar\u00eda Toxqui Daniel.<br><br>En septiembre se vivir\u00e1 el sabor y saz\u00f3n de cocineras tradicionales al celebrarse la Ruta del Mole, as\u00ed lo inform\u00f3 la titular de cultura y turismo en el municipio de San Andr\u00e9s Cholula, Eva Mar\u00eda Toxqui Daniel.<\/p>\n","protected":false},"excerpt":{"rendered":"<p>En septiembre se vivir\u00e1 el sabor y saz\u00f3n de cocineras tradicionales al celebrarse la Ruta del Mole, as\u00ed lo inform\u00f3 la titular de cultura y turismo en el municipio de San Andr\u00e9s Cholula, Eva Mar\u00eda Toxqui Daniel. En septiembre se vivir\u00e1 el sabor y saz\u00f3n de cocineras tradicionales al celebrarse la Ruta del Mole, as\u00ed [&hellip;]<\/p>\n","protected":false},"author":4,"featured_media":66596,"comment_status":"open","ping_status":"open","sticky":false,"template":"","format":"standard","meta":{"om_disable_all_campaigns":false,"_monsterinsights_skip_tracking":false,"_monsterinsights_sitenote_active":false,"_monsterinsights_sitenote_note":"","_monsterinsights_sitenote_category":0,"footnotes":""},"categories":[3,175],"tags":[234,223],"class_list":["post-66595","post","type-post","status-publish","format-standard","has-post-thumbnail","hentry","category-entretenimiento","category-local","tag-cholula","tag-puebla"],"amp_enabled":true,"_links":{"self":[{"href":"https:\/\/lahora.mx\/index.php\/wp-json\/wp\/v2\/posts\/66595","targetHints":{"allow":["GET"]}}],"collection":[{"href":"https:\/\/lahora.mx\/index.php\/wp-json\/wp\/v2\/posts"}],"about":[{"href":"https:\/\/lahora.mx\/index.php\/wp-json\/wp\/v2\/types\/post"}],"author":[{"embeddable":true,"href":"https:\/\/lahora.mx\/index.php\/wp-json\/wp\/v2\/users\/4"}],"replies":[{"embeddable":true,"href":"https:\/\/lahora.mx\/index.php\/wp-json\/wp\/v2\/comments?post=66595"}],"version-history":[{"count":1,"href":"https:\/\/lahora.mx\/index.php\/wp-json\/wp\/v2\/posts\/66595\/revisions"}],"predecessor-version":[{"id":66597,"href":"https:\/\/lahora.mx\/index.php\/wp-json\/wp\/v2\/posts\/66595\/revisions\/66597"}],"wp:featuredmedia":[{"embeddable":true,"href":"https:\/\/lahora.mx\/index.php\/wp-json\/wp\/v2\/media\/66596"}],"wp:attachment":[{"href":"https:\/\/lahora.mx\/index.php\/wp-json\/wp\/v2\/media?parent=66595"}],"wp:term":[{"taxonomy":"category","embeddable":true,"href":"https:\/\/lahora.mx\/index.php\/wp-json\/wp\/v2\/categories?post=66595"},{"taxonomy":"post_tag","embeddable":true,"href":"https:\/\/lahora.mx\/index.php\/wp-json\/wp\/v2\/tags?post=66595"}],"curies":[{"name":"wp","href":"https:\/\/api.w.org\/{rel}","templated":true}]}}