{"id":66591,"date":"2025-08-12T03:21:24","date_gmt":"2025-08-12T03:21:24","guid":{"rendered":"https:\/\/lahora.mx\/?p=66591"},"modified":"2025-08-12T03:21:25","modified_gmt":"2025-08-12T03:21:25","slug":"alumnos-de-nuevo-ingreso-se-incorporan-a-la-comunidad-buap","status":"publish","type":"post","link":"https:\/\/lahora.mx\/index.php\/2025\/08\/12\/alumnos-de-nuevo-ingreso-se-incorporan-a-la-comunidad-buap\/","title":{"rendered":"Alumnos de nuevo ingreso se incorporan a la comunidad BUAP"},"content":{"rendered":"\n<p>Para el ciclo escolar Oto\u00f1o 2025, este lunes 11 de agosto estudiantes de nuevo ingreso de los niveles medio superior y superior se incorporaron a la comunidad universitaria de la BUAP, en 126 planes de estudio.<\/p>\n\n\n\n<p>La oferta educativa del Proceso de Admisi\u00f3n 2025 estuvo integrada por un T\u00e9cnico en M\u00fasica, cuatro programas de preparatoria escolarizada, uno de preparatoria en modalidad a distancia, 10 licenciaturas a distancia, 97 licenciaturas en modalidad escolarizada, cuatro planes de estudio en modalidad mixta, siete licenciaturas semiescolarizadas y dos profesionales asociados.<\/p>\n\n\n\n<p>Alumnos de nuevo ingreso se incorporan a la comunidad BUAP<br>Del total de la oferta acad\u00e9mica del nivel superior, 28 programas se imparten en Ciudad Universitaria 2 (CU2), espacio que alberga las \u00e1reas de Ingenier\u00edas y Ciencias Naturales. El resto corresponde a las unidades acad\u00e9micas con sede en Ciudad Universitaria San Manuel, las \u00e1reas Centro y Salud, y en los complejos regionales.<\/p>\n\n\n\n<p>El 4 de agosto reanudaron actividades acad\u00e9micas los alumnos de semestres y cuatrimestres anteriores: posgrado, en las diferentes opciones profesionales que oferta la BUAP y en las diversas preparatorias y bachilleratos de la capital poblana, as\u00ed como sus sedes del interior del estado. Igualmente, el personal administrativo de la instituci\u00f3n reanud\u00f3 sus funciones laborales.<\/p>\n","protected":false},"excerpt":{"rendered":"<p>Para el ciclo escolar Oto\u00f1o 2025, este lunes 11 de agosto estudiantes de nuevo ingreso de los niveles medio superior y superior se incorporaron a la comunidad universitaria de la BUAP, en 126 planes de estudio. La oferta educativa del Proceso de Admisi\u00f3n 2025 estuvo integrada por un T\u00e9cnico en M\u00fasica, cuatro programas de preparatoria [&hellip;]<\/p>\n","protected":false},"author":4,"featured_media":66592,"comment_status":"open","ping_status":"open","sticky":false,"template":"","format":"standard","meta":{"om_disable_all_campaigns":false,"_monsterinsights_skip_tracking":false,"_monsterinsights_sitenote_active":false,"_monsterinsights_sitenote_note":"","_monsterinsights_sitenote_category":0,"footnotes":""},"categories":[175],"tags":[186,223],"class_list":["post-66591","post","type-post","status-publish","format-standard","has-post-thumbnail","hentry","category-local","tag-buap","tag-puebla"],"amp_enabled":true,"_links":{"self":[{"href":"https:\/\/lahora.mx\/index.php\/wp-json\/wp\/v2\/posts\/66591","targetHints":{"allow":["GET"]}}],"collection":[{"href":"https:\/\/lahora.mx\/index.php\/wp-json\/wp\/v2\/posts"}],"about":[{"href":"https:\/\/lahora.mx\/index.php\/wp-json\/wp\/v2\/types\/post"}],"author":[{"embeddable":true,"href":"https:\/\/lahora.mx\/index.php\/wp-json\/wp\/v2\/users\/4"}],"replies":[{"embeddable":true,"href":"https:\/\/lahora.mx\/index.php\/wp-json\/wp\/v2\/comments?post=66591"}],"version-history":[{"count":1,"href":"https:\/\/lahora.mx\/index.php\/wp-json\/wp\/v2\/posts\/66591\/revisions"}],"predecessor-version":[{"id":66593,"href":"https:\/\/lahora.mx\/index.php\/wp-json\/wp\/v2\/posts\/66591\/revisions\/66593"}],"wp:featuredmedia":[{"embeddable":true,"href":"https:\/\/lahora.mx\/index.php\/wp-json\/wp\/v2\/media\/66592"}],"wp:attachment":[{"href":"https:\/\/lahora.mx\/index.php\/wp-json\/wp\/v2\/media?parent=66591"}],"wp:term":[{"taxonomy":"category","embeddable":true,"href":"https:\/\/lahora.mx\/index.php\/wp-json\/wp\/v2\/categories?post=66591"},{"taxonomy":"post_tag","embeddable":true,"href":"https:\/\/lahora.mx\/index.php\/wp-json\/wp\/v2\/tags?post=66591"}],"curies":[{"name":"wp","href":"https:\/\/api.w.org\/{rel}","templated":true}]}}