{"id":6659,"date":"2022-05-09T14:07:07","date_gmt":"2022-05-09T14:07:07","guid":{"rendered":"http:\/\/lahora.mx\/?p=6659"},"modified":"2022-05-09T14:07:08","modified_gmt":"2022-05-09T14:07:08","slug":"mexico-recibira-dosis-de-cuba-para-la-vacunacion-de-menores-anuncia-amlo","status":"publish","type":"post","link":"https:\/\/lahora.mx\/index.php\/2022\/05\/09\/mexico-recibira-dosis-de-cuba-para-la-vacunacion-de-menores-anuncia-amlo\/","title":{"rendered":"M\u00e9xico recibir\u00e1 dosis de Cuba para la vacunaci\u00f3n de menores, anuncia AMLO"},"content":{"rendered":"\n<p>Durante la gira por Centroam\u00e9rica que tuvo como escala final a Cuba, el presidente L\u00f3pez Obrador acord\u00f3&nbsp;<strong>adquirir la vacuna contra el COVID-19<\/strong>&nbsp;que producen en la isla espec\u00edficamente para&nbsp;<strong>ni\u00f1os peque\u00f1os<\/strong>.<\/p>\n\n\n\n<p>\u201cVamos a adquirir una vacuna que ellos est\u00e1n produciendo para ni\u00f1os, muy peque\u00f1os, que les ha dado muy bien resultado\u201d, anunci\u00f3 el presidente como parte de los\u00a0<strong>acuerdos en materia de salud\u00a0<\/strong>a los que lleg\u00f3 con el l\u00edder cubano Miguel D\u00edaz-Canel este domingo.<br><\/p>\n\n\n\n<p>Las dosis ser\u00e1n aplicadas en&nbsp;<strong>ni\u00f1os y ni\u00f1as de dos a\u00f1os en adelante&nbsp;<\/strong>en una primera etapa, adelant\u00f3 el mandatario quien asegur\u00f3 que en la secci\u00f3n del Pulso de la Salud de ma\u00f1ana se dar\u00e1n m\u00e1s detalles sobre el protocolo.<\/p>\n\n\n\n<p>\u201cMa\u00f1ana que tenemos informe sobre salud se va a dar informaci\u00f3n m\u00e1s amplia. Si hace falta se va a hacer con otras vacunas como Pfizer, estamos en eso pero s\u00ed se va a vacunar a los ni\u00f1os, a los m\u00e1s peque\u00f1itos, apunt\u00f3.Advertisementabout:blank<\/p>\n\n\n\n<p>Entre los acuerdos tambi\u00e9n se incluye la&nbsp;<strong>entrega de becas<\/strong>&nbsp;para que mexicanos y mexicanas puedan ir a Cuba a formarse en&nbsp;<strong>medicina general<\/strong>, as\u00ed como la&nbsp;<strong>contrataci\u00f3n de m\u00e1s de 500 m\u00e9dicos cubanos<\/strong>&nbsp;para poder cumplir con los objetivos del nuevo plan de salud.<\/p>\n\n\n\n<p>\u201cVan a estar ya trabajando para que se cumpla con el prop\u00f3sito que hemos hecho de garantizar el derecho a la salud, atenci\u00f3n m\u00e9dica, medicinas, an\u00e1lisis o estudios cl\u00ednicos gratuitos para quienes no tienen seguridad social, ya empezamos pero tenemos este d\u00e9ficit que estamos resolviendo\u201d, detall\u00f3 Obrador.<\/p>\n\n\n\n<p>Durante su visita por la isla caribe\u00f1a, los representantes de gobierno de ambos pa\u00edses firmaron una declaraci\u00f3n y un acuerdo \u00a0para\u00a0<strong>fortalecer las relaciones en materia sanitaria<\/strong>\u00a0y, especialmente, en el\u00a0<strong>enfrentamiento de COVID-19<\/strong>.<\/p>\n\n\n\n<p>Los acuerdosexpresaron la voluntad de ambos gobiernos de fortalecer los lazos hist\u00f3ricos, as\u00ed como promover la capacitaci\u00f3n de recursos humanos, la investigaci\u00f3n y la asistencia m\u00e9dica en diferentes \u00e1reas y establecer el marco jur\u00eddico para desarrollar la cooperaci\u00f3n t\u00e9cnica, cient\u00edfica y acad\u00e9mica.<\/p>\n","protected":false},"excerpt":{"rendered":"<p>Durante la gira por Centroam\u00e9rica que tuvo como escala final a Cuba, el presidente L\u00f3pez Obrador acord\u00f3&nbsp;adquirir la vacuna contra el COVID-19&nbsp;que producen en la isla espec\u00edficamente para&nbsp;ni\u00f1os peque\u00f1os. \u201cVamos a adquirir una vacuna que ellos est\u00e1n produciendo para ni\u00f1os, muy peque\u00f1os, que les ha dado muy bien resultado\u201d, anunci\u00f3 el presidente como parte de [&hellip;]<\/p>\n","protected":false},"author":4,"featured_media":6661,"comment_status":"open","ping_status":"open","sticky":false,"template":"","format":"standard","meta":{"om_disable_all_campaigns":false,"_monsterinsights_skip_tracking":false,"_monsterinsights_sitenote_active":false,"_monsterinsights_sitenote_note":"","_monsterinsights_sitenote_category":0,"footnotes":""},"categories":[176],"tags":[195],"class_list":["post-6659","post","type-post","status-publish","format-standard","has-post-thumbnail","hentry","category-nacional","tag-principal"],"amp_enabled":true,"_links":{"self":[{"href":"https:\/\/lahora.mx\/index.php\/wp-json\/wp\/v2\/posts\/6659","targetHints":{"allow":["GET"]}}],"collection":[{"href":"https:\/\/lahora.mx\/index.php\/wp-json\/wp\/v2\/posts"}],"about":[{"href":"https:\/\/lahora.mx\/index.php\/wp-json\/wp\/v2\/types\/post"}],"author":[{"embeddable":true,"href":"https:\/\/lahora.mx\/index.php\/wp-json\/wp\/v2\/users\/4"}],"replies":[{"embeddable":true,"href":"https:\/\/lahora.mx\/index.php\/wp-json\/wp\/v2\/comments?post=6659"}],"version-history":[{"count":1,"href":"https:\/\/lahora.mx\/index.php\/wp-json\/wp\/v2\/posts\/6659\/revisions"}],"predecessor-version":[{"id":6662,"href":"https:\/\/lahora.mx\/index.php\/wp-json\/wp\/v2\/posts\/6659\/revisions\/6662"}],"wp:featuredmedia":[{"embeddable":true,"href":"https:\/\/lahora.mx\/index.php\/wp-json\/wp\/v2\/media\/6661"}],"wp:attachment":[{"href":"https:\/\/lahora.mx\/index.php\/wp-json\/wp\/v2\/media?parent=6659"}],"wp:term":[{"taxonomy":"category","embeddable":true,"href":"https:\/\/lahora.mx\/index.php\/wp-json\/wp\/v2\/categories?post=6659"},{"taxonomy":"post_tag","embeddable":true,"href":"https:\/\/lahora.mx\/index.php\/wp-json\/wp\/v2\/tags?post=6659"}],"curies":[{"name":"wp","href":"https:\/\/api.w.org\/{rel}","templated":true}]}}